{"id":161139,"date":"2025-11-22T13:14:25","date_gmt":"2025-11-22T13:14:25","guid":{"rendered":"https:\/\/www.europesays.com\/pt\/161139\/"},"modified":"2025-11-22T13:14:25","modified_gmt":"2025-11-22T13:14:25","slug":"novo-album-de-bixarte-feitico-e-lancado-com-show-de-estreia-gratuito-em-joao-pessoa","status":"publish","type":"post","link":"https:\/\/www.europesays.com\/pt\/161139\/","title":{"rendered":"Novo \u00e1lbum de Bixarte, &#8216;Feiti\u00e7o&#8217;, \u00e9 lan\u00e7ado com show de estreia gratuito em Jo\u00e3o Pessoa"},"content":{"rendered":"<p><img decoding=\"async\" style=\"height:500px;min-height:500px;width:100%\" fetchpriority=\"high\" src=\"https:\/\/www.europesays.com\/pt\/wp-content\/uploads\/2025\/11\/Novo-album-de-Bixarte-Feitico-e-lancado-com-show-d0021450200202511211012-8.webp\" alt=\"&#13;&#10;&#9;&#9;&#9;&#9;&#13;&#10;&#9;&#9;&#9;&#9;&#9;Novo \u00e1lbum de Bixarte, 'Feiti\u00e7o', \u00e9 lan\u00e7ado com show de estreia gratuito em Jo\u00e3o Pessoa&#13;&#10;&#9;&#9;&#9;&#9;&#13;&#10;&#9;&#9;&#9;&#9;\"\/>Bixarte lan\u00e7a &#8220;Feiti\u00e7o&#8221;, nesta sexta-feira (21).. Cley Tornado\/Divulga\u00e7\u00e3o<\/p>\n<p>A cantora paraibana Bixarte lan\u00e7a, nesta sexta-feira (21), seu novo disco, \u201cFeiti\u00e7o\u201d, que traz participa\u00e7\u00f5es de nomes como Emicida, V\u00f3 Mera e Lucy Alves (ou\u00e7a ao fim da mat\u00e9ria). O show de estreia acontece neste s\u00e1bado (22), em Jo\u00e3o Pessoa, na Cidade da Imagem Conventinho, com entrada gratuita.<\/p>\n<p>No \u00e1lbum com 12 faixas, a cantora retorna ao ponto de onde come\u00e7ou, o rap, mas sempre trazendo a mistura com outros g\u00eaneros, como o afrobeat, forr\u00f3,reggaeton e cumbia.<\/p>\n<p>\u201cEu fiz Feiti\u00e7o pensando no meu povo, nas minhas amigas, nas quebradas que me criaram e nos mundos que atravessei at\u00e9 aqui. \u00c9 rap, \u00e9 desejo, \u00e9 tambor, \u00e9 for\u00e7a. Eu quero que esse disco toque quem t\u00e1 longe e abrace quem t\u00e1 perto, mas que todo mundo saiba que a raiz \u00e9 daqui, da Para\u00edba, lugar que me ensinou que arte \u00e9 arma, cura e caminho\u201d, afirmou a cantora.<\/p>\n<p>\u201cFeiti\u00e7o\u201d traz ainda participa\u00e7\u00f5es de Johnny Hooker, A F\u00faria Negra, Mari Santana, entre outros nomes. O \u00e1lbum foi gravado e produzido por Bixarte ao lado do BBS_LAB, com produ\u00e7\u00e3o musical de Big Jesi e mixagem e masteriza\u00e7\u00e3o de Guirraiz. \u201c\u00c9 sobre celebrar quem somos, mesmo num pa\u00eds que ainda insiste em apagar\u201d.<\/p>\n","protected":false},"excerpt":{"rendered":"Bixarte lan\u00e7a &#8220;Feiti\u00e7o&#8221;, nesta sexta-feira (21).. Cley Tornado\/Divulga\u00e7\u00e3o A cantora paraibana Bixarte lan\u00e7a, nesta sexta-feira (21), seu novo&hellip;\n","protected":false},"author":2,"featured_media":161140,"comment_status":"","ping_status":"","sticky":false,"template":"","format":"standard","meta":{"footnotes":""},"categories":[141],"tags":[114,115,149,150,32,33],"class_list":{"0":"post-161139","1":"post","2":"type-post","3":"status-publish","4":"format-standard","5":"has-post-thumbnail","7":"category-musica","8":"tag-entertainment","9":"tag-entretenimento","10":"tag-music","11":"tag-musica","12":"tag-portugal","13":"tag-pt"},"share_on_mastodon":{"url":"https:\/\/pubeurope.com\/@pt\/115593534870371602","error":""},"_links":{"self":[{"href":"https:\/\/www.europesays.com\/pt\/wp-json\/wp\/v2\/posts\/161139","targetHints":{"allow":["GET"]}}],"collection":[{"href":"https:\/\/www.europesays.com\/pt\/wp-json\/wp\/v2\/posts"}],"about":[{"href":"https:\/\/www.europesays.com\/pt\/wp-json\/wp\/v2\/types\/post"}],"author":[{"embeddable":true,"href":"https:\/\/www.europesays.com\/pt\/wp-json\/wp\/v2\/users\/2"}],"replies":[{"embeddable":true,"href":"https:\/\/www.europesays.com\/pt\/wp-json\/wp\/v2\/comments?post=161139"}],"version-history":[{"count":0,"href":"https:\/\/www.europesays.com\/pt\/wp-json\/wp\/v2\/posts\/161139\/revisions"}],"wp:featuredmedia":[{"embeddable":true,"href":"https:\/\/www.europesays.com\/pt\/wp-json\/wp\/v2\/media\/161140"}],"wp:attachment":[{"href":"https:\/\/www.europesays.com\/pt\/wp-json\/wp\/v2\/media?parent=161139"}],"wp:term":[{"taxonomy":"category","embeddable":true,"href":"https:\/\/www.europesays.com\/pt\/wp-json\/wp\/v2\/categories?post=161139"},{"taxonomy":"post_tag","embeddable":true,"href":"https:\/\/www.europesays.com\/pt\/wp-json\/wp\/v2\/tags?post=161139"}],"curies":[{"name":"wp","href":"https:\/\/api.w.org\/{rel}","templated":true}]}}