{"id":161147,"date":"2025-11-22T13:21:10","date_gmt":"2025-11-22T13:21:10","guid":{"rendered":"https:\/\/www.europesays.com\/pt\/161147\/"},"modified":"2025-11-22T13:21:10","modified_gmt":"2025-11-22T13:21:10","slug":"costa-quer-reforcar-e-enriquecer-cooperacao-entre-europa-e-continente-africano","status":"publish","type":"post","link":"https:\/\/www.europesays.com\/pt\/161147\/","title":{"rendered":"Costa quer &#8220;refor\u00e7ar e enriquecer coopera\u00e7\u00e3o&#8221; entre Europa e continente africano"},"content":{"rendered":"<p>&#13;<br \/>\n&#8220;A parceria UE-UA tem um objetivo claro: refor\u00e7ar e enriquecer esta coopera\u00e7\u00e3o. Tornar a nossa liga\u00e7\u00e3o natural ainda mais forte e aumentar as complementaridades entre n\u00f3s e superar as nossas diferen\u00e7as para que possamos crescer juntos e proteger-nos mutuamente&#8221;, afirma Ant\u00f3nio Costa em declara\u00e7\u00f5es \u00e0 ag\u00eancia Lusa.&#13;\n<\/p>\n<p>&#13;<br \/>\nA poucos dias da cimeira UE-UA que assinala os 25 anos da parceria entre os dois blocos e os 50 anos de independ\u00eancia de Angola e de v\u00e1rios outros pa\u00edses africanos, realizada em Luanda na segunda e ter\u00e7a-feira, o antigo primeiro-ministro portugu\u00eas diz \u00e0 Lusa que &#8220;a prosperidade e a seguran\u00e7a da Europa e de \u00c1frica est\u00e3o interligadas&#8221;.&#13;\n<\/p>\n<p>&#13;<br \/>\n&#8220;Os desafios que enfrentamos hoje &#8211; altera\u00e7\u00f5es clim\u00e1ticas, transforma\u00e7\u00e3o digital, migra\u00e7\u00e3o, seguran\u00e7a &#8211; n\u00e3o conhecem fronteiras. A resposta a este mundo multipolar deve ser a coopera\u00e7\u00e3o multipolar&#8221;, aponta.&#13;\n<\/p>\n<p>&#13;<br \/>\nDe acordo com Ant\u00f3nio Costa, &#8220;Europa e \u00c1frica est\u00e3o ligadas por uma parceria \u00fanica, robusta, din\u00e2mica e concebida para enfrentar os nossos desafios comuns, ao mesmo tempo que abre caminho a uma nova prosperidade em ambos os continentes&#8221;.&#13;\n<\/p>\n<p>&#13;<br \/>\nA UE \u00e9 o primeiro parceiro comercial de \u00c1frica, contribuindo com um ter\u00e7o do com\u00e9rcio total de \u00c1frica.&#13;\n<\/p>\n<p>&#13;<br \/>\n\u00c9 tamb\u00e9m o seu primeiro investidor, o seu primeiro parceiro em mat\u00e9ria de paz e seguran\u00e7a e o seu primeiro doador humanit\u00e1rio.&#13;\n<\/p>\n<p>&#13;<br \/>\nNa segunda e ter\u00e7a-feira, os l\u00edderes da UE e da UA v\u00e3o reunir-se em Luanda para a s\u00e9tima cimeira UE-UA, centrada em &#8220;promover a paz e a prosperidade atrav\u00e9s de um multilateralismo eficaz&#8221;.&#13;\n<\/p>\n<p>&#13;<br \/>\nO encontro de alto n\u00edvel ser\u00e1 copresidido pelo Presidente de Angola, Jo\u00e3o Louren\u00e7o, e pelo presidente do Conselho Europeu, Ant\u00f3nio Costa, estando a UE ainda representada pela presidente da Comiss\u00e3o Europeia, Ursula von der Leyen, e a UA pelo presidente da Comiss\u00e3o da Uni\u00e3o Africana, Mahmoud Ali Youssouf.&#13;\n<\/p>\n<p>&#13;<br \/>\n&#8220;Uma parceria UE-\u00c1frica forte, equilibrada e orientada para o futuro \u00e9 o nosso objetivo para esta cimeira hist\u00f3rica&#8221;, sublinha Ant\u00f3nio Costa.&#13;\n<\/p>\n<p>&#13;<br \/>\nAp\u00f3s discuss\u00f5es sobre paz, seguran\u00e7a, governan\u00e7a e migra\u00e7\u00f5es, ser\u00e1 divulgada uma declara\u00e7\u00e3o conjunta no final da cimeira.&#13;\n<\/p>\n<p>&#13;<br \/>\nEnquanto vizinho mais pr\u00f3ximo da Europa, o continente africano \u00e9 uma prioridade geopol\u00edtica fundamental para a Uni\u00e3o Europeia.&#13;\n<\/p>\n<p>&#13;<br \/>\nEste ano, a UE e a UA celebram 25 anos da sua parceria, num acordo pol\u00edtico formal que tem vindo a proporcionar oportunidades para o desenvolvimento dos la\u00e7os econ\u00f3micos, culturais e pol\u00edticos entre os dois continentes.&#13;\n<\/p>\n<p>&#13;<br \/>\nAs cimeiras entre os dois blocos decorrem de tr\u00eas em tr\u00eas anos, alternadamente na Europa e em \u00c1frica, e re\u00fanem l\u00edderes europeus e africanos para abordar desafios comuns e definir objetivos partilhados.&#13;\n<\/p>\n<p>&#13;<br \/>\nA UE \u00e9 o principal parceiro de \u00c1frica nos dom\u00ednios da energia, paz e seguran\u00e7a, transi\u00e7\u00e3o verde, com\u00e9rcio e investimento e transforma\u00e7\u00e3o digital.&#13;\n<\/p>\n<p>&#13;<br \/>\nA balan\u00e7a comercial entre a Uni\u00e3o Europeia e os pa\u00edses africanos melhorou 8% em 2024, mas continua negativa para os europeus em 23,3 mil milh\u00f5es de euros, num total de trocas comerciais acima de 355 mil milh\u00f5es.&#13;\n<\/p>\n<p>&#13;<br \/>\nEm mat\u00e9ria de investimento, com 238,9 mil milh\u00f5es de euros em 2023, a UE foi o maior fornecedor de investimento direto estrangeiro em \u00c1frica.&#13;\n<\/p>\n<p>&#13;<br \/>\nPara apoiar investimentos sustent\u00e1veis baseados nas prioridades e necessidades dos pa\u00edses africanos, a UE estabeleceu um pacote de pelo menos 150 mil milh\u00f5es de euros at\u00e9 2030.&#13;\n<\/p>\n<p>&#13;<br \/>\nA UE financia outros programas e iniciativas que beneficiam v\u00e1rios pa\u00edses africanos, num total de 79,5 mil milh\u00f5es de euros entre 2021 e 2027.&#13;\n<\/p>\n<p>&#13;<br \/>\nDe momento, existem ainda 12 miss\u00f5es e opera\u00e7\u00f5es civis e militares em \u00c1frica apoiadas pela UE, uma das quais em Cabo Delgado, Mo\u00e7ambique.&#13;<\/p>\n","protected":false},"excerpt":{"rendered":"&#13; &#8220;A parceria UE-UA tem um objetivo claro: refor\u00e7ar e enriquecer esta coopera\u00e7\u00e3o. Tornar a nossa liga\u00e7\u00e3o natural&hellip;\n","protected":false},"author":2,"featured_media":161148,"comment_status":"","ping_status":"","sticky":false,"template":"","format":"standard","meta":{"footnotes":""},"categories":[50],"tags":[34223,27,28,15,16,14,25,26,21,22,62,12,13,19,20,23,24,17,18,29,30,31,63,64,65],"class_list":{"0":"post-161147","1":"post","2":"type-post","3":"status-publish","4":"format-standard","5":"has-post-thumbnail","7":"category-mundo","8":"tag-africana-mahmoud","9":"tag-breaking-news","10":"tag-breakingnews","11":"tag-featured-news","12":"tag-featurednews","13":"tag-headlines","14":"tag-latest-news","15":"tag-latestnews","16":"tag-main-news","17":"tag-mainnews","18":"tag-mundo","19":"tag-news","20":"tag-noticias","21":"tag-noticias-principais","22":"tag-noticiasprincipais","23":"tag-principais-noticias","24":"tag-principaisnoticias","25":"tag-top-stories","26":"tag-topstories","27":"tag-ultimas","28":"tag-ultimas-noticias","29":"tag-ultimasnoticias","30":"tag-world","31":"tag-world-news","32":"tag-worldnews"},"share_on_mastodon":{"url":"https:\/\/pubeurope.com\/@pt\/115593562233334391","error":""},"_links":{"self":[{"href":"https:\/\/www.europesays.com\/pt\/wp-json\/wp\/v2\/posts\/161147","targetHints":{"allow":["GET"]}}],"collection":[{"href":"https:\/\/www.europesays.com\/pt\/wp-json\/wp\/v2\/posts"}],"about":[{"href":"https:\/\/www.europesays.com\/pt\/wp-json\/wp\/v2\/types\/post"}],"author":[{"embeddable":true,"href":"https:\/\/www.europesays.com\/pt\/wp-json\/wp\/v2\/users\/2"}],"replies":[{"embeddable":true,"href":"https:\/\/www.europesays.com\/pt\/wp-json\/wp\/v2\/comments?post=161147"}],"version-history":[{"count":0,"href":"https:\/\/www.europesays.com\/pt\/wp-json\/wp\/v2\/posts\/161147\/revisions"}],"wp:featuredmedia":[{"embeddable":true,"href":"https:\/\/www.europesays.com\/pt\/wp-json\/wp\/v2\/media\/161148"}],"wp:attachment":[{"href":"https:\/\/www.europesays.com\/pt\/wp-json\/wp\/v2\/media?parent=161147"}],"wp:term":[{"taxonomy":"category","embeddable":true,"href":"https:\/\/www.europesays.com\/pt\/wp-json\/wp\/v2\/categories?post=161147"},{"taxonomy":"post_tag","embeddable":true,"href":"https:\/\/www.europesays.com\/pt\/wp-json\/wp\/v2\/tags?post=161147"}],"curies":[{"name":"wp","href":"https:\/\/api.w.org\/{rel}","templated":true}]}}