{"id":161149,"date":"2025-11-22T13:24:13","date_gmt":"2025-11-22T13:24:13","guid":{"rendered":"https:\/\/www.europesays.com\/pt\/161149\/"},"modified":"2025-11-22T13:24:13","modified_gmt":"2025-11-22T13:24:13","slug":"kelly-key-relata-evolucao-do-quadro-de-saude-de-mico-freitas-celebridades","status":"publish","type":"post","link":"https:\/\/www.europesays.com\/pt\/161149\/","title":{"rendered":"Kelly Key relata evolu\u00e7\u00e3o do quadro de sa\u00fade de Mico Freitas | Celebridades"},"content":{"rendered":"<p>                                        Kelly Key  &#8211; reprodu\u00e7\u00e3o Instagram<\/p>\n<p class=\"content-media__description\">Kelly Key reprodu\u00e7\u00e3o Instagram<\/p>\n<p>                            Publicado 21\/11\/2025 16:48\n                    <\/p>\n<p>Rio &#8211;\u00a0Kelly Key informou seus seguidores sobre a evolu\u00e7\u00e3o da sa\u00fade de Mico Freitas nesta sexta-feira (21). O empres\u00e1rio enfrentou uma nova crise de labirintite na ter\u00e7a-feira (18) e recebeu atendimento emergencial.<\/p>\n<p>A cantora relatou que o marido apresentou progresso significativo: &#8220;Hoje foi o quarto dia de medica\u00e7\u00e3o (ele tomou a quarta dose \u00e0s 17h) e posso dizer que este foi, de longe, o melhor dia dele. Ele est\u00e1 praticamente sem sintomas, mais est\u00e1vel, mais leve, sem aquelas ondas de mal-estar e sem a sensibilidade intensa que vinha sentido&#8221;, escreveu.<\/p>\n<p>Ela agradeceu o apoio dos f\u00e3s: &#8220;Seguimos observando, mas muito confiantes. Obrigada a todos pela preocupa\u00e7\u00e3o e pelo carinho&#8221;.<\/p>\n<p><strong>Esclarecimentos sobre a ida ao hospital<\/strong><\/p>\n<p>Kelly explicou que Mico n\u00e3o permaneceu internado. &#8220;Tudo indica que estamos no caminho certo e que as medica\u00e7\u00f5es est\u00e3o finalmente fazendo o efeito esperado. Quero tamb\u00e9m esclarecer uma coisa importante: o Mico n\u00e3o ficou internado. Ele passou uma madrugada no hospital em observa\u00e7\u00e3o, mas n\u00e3o chegou a dormir l\u00e1. Voltou para casa no mesmo dia e todo o tratamento est\u00e1 sendo feito em casa, com acompanhamento m\u00e9dico constante, tanto aqui quanto pelos m\u00e9dicos do Brasil&#8221;, afirmou a artista, que vive em Luanda, Angola.<\/p>\n<p>Na quarta-feira (19), ela j\u00e1 tinha falado sobre a preocupa\u00e7\u00e3o dos f\u00e3s: &#8220;Muita gente ficou preocupada e me mandou mensagem, acompanhou o que aconteceu ontem, meu Stories tiveram mais de 1 milh\u00e3o de visualiza\u00e7\u00f5es. Acabei priorizando a minha fam\u00edlia, mas achei interessante gravar essas sequ\u00eancia para explicar como tudo aconteceu e para voc\u00eas ficarem mais tranquilos&#8221;.<\/p>\n","protected":false},"excerpt":{"rendered":"Kelly Key &#8211; reprodu\u00e7\u00e3o Instagram Kelly Key reprodu\u00e7\u00e3o Instagram Publicado 21\/11\/2025 16:48 Rio &#8211;\u00a0Kelly Key informou seus seguidores&hellip;\n","protected":false},"author":2,"featured_media":161150,"comment_status":"","ping_status":"","sticky":false,"template":"","format":"standard","meta":{"footnotes":""},"categories":[145],"tags":[211,210,114,115,11299,33712,32,33,117],"class_list":{"0":"post-161149","1":"post","2":"type-post","3":"status-publish","4":"format-standard","5":"has-post-thumbnail","7":"category-celebridades","8":"tag-celebridades","9":"tag-celebrities","10":"tag-entertainment","11":"tag-entretenimento","12":"tag-kelly-key","13":"tag-mico-freitas","14":"tag-portugal","15":"tag-pt","16":"tag-saude"},"share_on_mastodon":{"url":"https:\/\/pubeurope.com\/@pt\/115593574057070687","error":""},"_links":{"self":[{"href":"https:\/\/www.europesays.com\/pt\/wp-json\/wp\/v2\/posts\/161149","targetHints":{"allow":["GET"]}}],"collection":[{"href":"https:\/\/www.europesays.com\/pt\/wp-json\/wp\/v2\/posts"}],"about":[{"href":"https:\/\/www.europesays.com\/pt\/wp-json\/wp\/v2\/types\/post"}],"author":[{"embeddable":true,"href":"https:\/\/www.europesays.com\/pt\/wp-json\/wp\/v2\/users\/2"}],"replies":[{"embeddable":true,"href":"https:\/\/www.europesays.com\/pt\/wp-json\/wp\/v2\/comments?post=161149"}],"version-history":[{"count":0,"href":"https:\/\/www.europesays.com\/pt\/wp-json\/wp\/v2\/posts\/161149\/revisions"}],"wp:featuredmedia":[{"embeddable":true,"href":"https:\/\/www.europesays.com\/pt\/wp-json\/wp\/v2\/media\/161150"}],"wp:attachment":[{"href":"https:\/\/www.europesays.com\/pt\/wp-json\/wp\/v2\/media?parent=161149"}],"wp:term":[{"taxonomy":"category","embeddable":true,"href":"https:\/\/www.europesays.com\/pt\/wp-json\/wp\/v2\/categories?post=161149"},{"taxonomy":"post_tag","embeddable":true,"href":"https:\/\/www.europesays.com\/pt\/wp-json\/wp\/v2\/tags?post=161149"}],"curies":[{"name":"wp","href":"https:\/\/api.w.org\/{rel}","templated":true}]}}