{"id":161151,"date":"2025-11-22T13:28:22","date_gmt":"2025-11-22T13:28:22","guid":{"rendered":"https:\/\/www.europesays.com\/pt\/161151\/"},"modified":"2025-11-22T13:28:22","modified_gmt":"2025-11-22T13:28:22","slug":"terra-forte-marcus-e-agredido-mas-e-salvo-a-tempo-por-antonio-novelas","status":"publish","type":"post","link":"https:\/\/www.europesays.com\/pt\/161151\/","title":{"rendered":"Terra Forte: Marcus \u00e9 agredido, mas \u00e9 salvo a tempo por Ant\u00f3nio &#8211; Novelas"},"content":{"rendered":"<p>Em \u00abTerra Forte\u00bb, Marcus (Vitor Hugo) est\u00e1 na esplanada com Bingo a beber. Homens reconhecem-no e abordam-no a dizer que devia ter vergonha de estar ali depois de ter provocado tantas mortes e come\u00e7am a agredi-lo. Ant\u00f3nio (Jo\u00e3o Catarr\u00e9) v\u00ea a cena com Rosinha (Francisca Salgado) e sai em defesa de Marcus, batendo nos homens. Estes partem garrafas e ficam a desafiar Ant\u00f3nio.<\/p>\n","protected":false},"excerpt":{"rendered":"Em \u00abTerra Forte\u00bb, Marcus (Vitor Hugo) est\u00e1 na esplanada com Bingo a beber. Homens reconhecem-no e abordam-no a&hellip;\n","protected":false},"author":2,"featured_media":161152,"comment_status":"","ping_status":"","sticky":false,"template":"","format":"standard","meta":{"footnotes":""},"categories":[142],"tags":[160,166,114,115,157,167,164,2931,161,158,165,159,32,33,156,18614,163,151,162],"class_list":{"0":"post-161151","1":"post","2":"type-post","3":"status-publish","4":"format-standard","5":"has-post-thumbnail","7":"category-tv","8":"tag-ana-guiomar","9":"tag-cristina-ferreira","10":"tag-entertainment","11":"tag-entretenimento","12":"tag-festa-e-festa","13":"tag-ficcao","14":"tag-jose-fidalgo","15":"tag-novela","16":"tag-novelas","17":"tag-para-sempre","18":"tag-pedro-sousa","19":"tag-pedro-teixeira","20":"tag-portugal","21":"tag-pt","22":"tag-queridos-papas","23":"tag-terra-forte","24":"tag-tiago-teotonio-pereira","25":"tag-tv","26":"tag-tvi"},"share_on_mastodon":{"url":"https:\/\/pubeurope.com\/@pt\/115593589985578192","error":""},"_links":{"self":[{"href":"https:\/\/www.europesays.com\/pt\/wp-json\/wp\/v2\/posts\/161151","targetHints":{"allow":["GET"]}}],"collection":[{"href":"https:\/\/www.europesays.com\/pt\/wp-json\/wp\/v2\/posts"}],"about":[{"href":"https:\/\/www.europesays.com\/pt\/wp-json\/wp\/v2\/types\/post"}],"author":[{"embeddable":true,"href":"https:\/\/www.europesays.com\/pt\/wp-json\/wp\/v2\/users\/2"}],"replies":[{"embeddable":true,"href":"https:\/\/www.europesays.com\/pt\/wp-json\/wp\/v2\/comments?post=161151"}],"version-history":[{"count":0,"href":"https:\/\/www.europesays.com\/pt\/wp-json\/wp\/v2\/posts\/161151\/revisions"}],"wp:featuredmedia":[{"embeddable":true,"href":"https:\/\/www.europesays.com\/pt\/wp-json\/wp\/v2\/media\/161152"}],"wp:attachment":[{"href":"https:\/\/www.europesays.com\/pt\/wp-json\/wp\/v2\/media?parent=161151"}],"wp:term":[{"taxonomy":"category","embeddable":true,"href":"https:\/\/www.europesays.com\/pt\/wp-json\/wp\/v2\/categories?post=161151"},{"taxonomy":"post_tag","embeddable":true,"href":"https:\/\/www.europesays.com\/pt\/wp-json\/wp\/v2\/tags?post=161151"}],"curies":[{"name":"wp","href":"https:\/\/api.w.org\/{rel}","templated":true}]}}