{"id":161153,"date":"2025-11-22T13:29:24","date_gmt":"2025-11-22T13:29:24","guid":{"rendered":"https:\/\/www.europesays.com\/pt\/161153\/"},"modified":"2025-11-22T13:29:24","modified_gmt":"2025-11-22T13:29:24","slug":"chaeyoung-do-twice-anuncia-hiato-para-cuidar-da-saude","status":"publish","type":"post","link":"https:\/\/www.europesays.com\/pt\/161153\/","title":{"rendered":"Chaeyoung, do TWICE, anuncia hiato para cuidar da sa\u00fade"},"content":{"rendered":"<p>A idol <a href=\"https:\/\/www.instagram.com\/chaeyo.0\/\" rel=\"nofollow noopener\" target=\"_blank\"><strong>Chaeyoung<\/strong><\/a>, do <strong><a href=\"https:\/\/recreio.com.br\/tags\/twice\" rel=\"nofollow noopener\" target=\"_blank\">TWICE<\/a>,<\/strong> ir\u00e1 se afastar de suas atividades at\u00e9 o final deste ano por conta de problemas de sa\u00fade e n\u00e3o far\u00e1 parte dos pr\u00f3ximos compromissos do girl group.<\/p>\n<p>A <a href=\"https:\/\/en.wikipedia.org\/wiki\/JYP_Entertainment\" rel=\"nofollow noopener\" target=\"_blank\">JYP Entertainment<\/a> anunciou em 20 de novembro, quinta-feira, que <strong>Chaeyoung<\/strong> foi diagnosticada com s\u00edndrome do vasovagal, uma rea\u00e7\u00e3o exagerada do sistema nervoso que pode causar desmaios, resultado de uma queda s\u00fabita de press\u00e3o:<\/p>\n<blockquote>\n<p>\u201cCom base em avalia\u00e7\u00f5es adicionais, aconselhamento m\u00e9dico e discuss\u00f5es aprofundadas, concluiu-se que Chaeyoung precisa de mais tempo para se recuperar. Consequentemente, ela far\u00e1 uma pausa tempor\u00e1ria em suas atividades at\u00e9 o final do ano, a fim de priorizar sua sa\u00fade e descanso.\u201d<\/p>\n<\/blockquote>\n<p>A gravadora recomendou que seria melhor ela fazer uma pausa, aconselhando a cantora a cuidar da sa\u00fade. No comunicado, a JYP afirmou que <strong>Chaeyoung<\/strong> ir\u00e1 parar suas atividades para descansar e cuidar da sa\u00fade:<\/p>\n<blockquote>\n<p>\u201cEm conson\u00e2ncia com as orienta\u00e7\u00f5es m\u00e9dicas que priorizam sua sa\u00fade, Chaeyoung participar\u00e1 dos pr\u00f3ximos compromissos apenas de forma limitada e poder\u00e1 estar ausente de algumas atividades.\u201d<\/p>\n<\/blockquote>\n<p>As pr\u00f3ximas datas da turn\u00ea mundial do TWICE, a \u201cTHIS IS FOR\u201d, em Kaohsiung, Hong Kong e Bangkok, n\u00e3o ter\u00e3o a presen\u00e7a de Chaeyoung:<\/p>\n<blockquote>\n<p>\u201cEntendemos que este an\u00fancio possa causar preocupa\u00e7\u00e3o, mas agradecemos sinceramente a compreens\u00e3o e o apoio de todos os f\u00e3s durante esta situa\u00e7\u00e3o dif\u00edcil. A JYP Entertainment dar\u00e1 todo o apoio necess\u00e1rio para garantir que Chaeyoung possa descansar e se recuperar completamente.\u201d<\/p>\n<\/blockquote>\n<p> Mais sobre TWICE <\/p>\n<p>Formado em 2015 atrav\u00e9s do programa de variedades organizado pela JYP Entertainment, \u2018Sixteen\u2019, o <a href=\"https:\/\/open.spotify.com\/intl-pt\/artist\/7n2Ycct7Beij7Dj7meI4X0\" rel=\"nofollow noopener\" target=\"_blank\">TWICE<\/a> \u00e9 composto por nove integrantes: <strong>Nayeon, Jeongyeon, Momo, Sana, Jihyo, Mina, Dahyun, Chaeyoung e Tzuyu.<\/strong> O grupo fez sua estreia com o EP \u2018The Story Begins\u201d que conta com o single \u201cLike Ooh-ahh\u201d.<\/p>\n<p>A notoriedade do girlgroup dentro da terceira gera\u00e7\u00e3o do k-pop chegou um ano ap\u00f3s, com o lan\u00e7amento do segundo EP, \u201cPAGE TWO\u201d, que possui \u201cCHEER UP\u201d como faixa principal. Ela conquistou o topo de paradas sul-coreanas importantes como Gaon Digital Charts, sendo o single com melhores n\u00fameros no ano, al\u00e9m de tamb\u00e9m vencer a categoria \u201cCan\u00e7\u00e3o do Ano\u201d no Melon Music Awards e Mnet Asian Music Awards.<\/p>\n<p>As integrantes do TWICE tamb\u00e9m foram as primeiras artistas femininas coreanas a liderar simultaneamente as paradas da \u201cWorld Albums\u201d e \u201cWorld Digital Song Sales\u201d da Billboard como o seu primeiro \u00e1lbum completo de est\u00fadio, \u2018Twicetagram\u2018, estreado em 2017 com o single \u201cLikey\u201d.<\/p>\n<p>Seu mais recente lan\u00e7amento aconteceu em 10 de outubro, com o lan\u00e7amento do disco \u201cTEN: The Story Goes On\u201d, \u00e1lbum em comemora\u00e7\u00e3o ao seu d\u00e9cimo anivers\u00e1rio de debut. Confira o clipe da title track \u201cME+YOU\u201d!<\/p>\n<p>\t                                            <script async src=\"\/\/www.instagram.com\/embed.js\"><\/script><\/p>\n","protected":false},"excerpt":{"rendered":"A idol Chaeyoung, do TWICE, ir\u00e1 se afastar de suas atividades at\u00e9 o final deste ano por conta&hellip;\n","protected":false},"author":2,"featured_media":161154,"comment_status":"","ping_status":"","sticky":false,"template":"","format":"standard","meta":{"footnotes":""},"categories":[141],"tags":[22165,114,115,1688,149,150,32,33,14047],"class_list":{"0":"post-161153","1":"post","2":"type-post","3":"status-publish","4":"format-standard","5":"has-post-thumbnail","7":"category-musica","8":"tag-chaeyoung","9":"tag-entertainment","10":"tag-entretenimento","11":"tag-k-pop","12":"tag-music","13":"tag-musica","14":"tag-portugal","15":"tag-pt","16":"tag-twice"},"share_on_mastodon":{"url":"https:\/\/pubeurope.com\/@pt\/115593593716792825","error":""},"_links":{"self":[{"href":"https:\/\/www.europesays.com\/pt\/wp-json\/wp\/v2\/posts\/161153","targetHints":{"allow":["GET"]}}],"collection":[{"href":"https:\/\/www.europesays.com\/pt\/wp-json\/wp\/v2\/posts"}],"about":[{"href":"https:\/\/www.europesays.com\/pt\/wp-json\/wp\/v2\/types\/post"}],"author":[{"embeddable":true,"href":"https:\/\/www.europesays.com\/pt\/wp-json\/wp\/v2\/users\/2"}],"replies":[{"embeddable":true,"href":"https:\/\/www.europesays.com\/pt\/wp-json\/wp\/v2\/comments?post=161153"}],"version-history":[{"count":0,"href":"https:\/\/www.europesays.com\/pt\/wp-json\/wp\/v2\/posts\/161153\/revisions"}],"wp:featuredmedia":[{"embeddable":true,"href":"https:\/\/www.europesays.com\/pt\/wp-json\/wp\/v2\/media\/161154"}],"wp:attachment":[{"href":"https:\/\/www.europesays.com\/pt\/wp-json\/wp\/v2\/media?parent=161153"}],"wp:term":[{"taxonomy":"category","embeddable":true,"href":"https:\/\/www.europesays.com\/pt\/wp-json\/wp\/v2\/categories?post=161153"},{"taxonomy":"post_tag","embeddable":true,"href":"https:\/\/www.europesays.com\/pt\/wp-json\/wp\/v2\/tags?post=161153"}],"curies":[{"name":"wp","href":"https:\/\/api.w.org\/{rel}","templated":true}]}}