{"id":161157,"date":"2025-11-22T13:35:38","date_gmt":"2025-11-22T13:35:38","guid":{"rendered":"https:\/\/www.europesays.com\/pt\/161157\/"},"modified":"2025-11-22T13:35:38","modified_gmt":"2025-11-22T13:35:38","slug":"baleia-cripto-adormecida-desde-2011-vende-us-13-bilhao-em-bitcoin-criptomoedas","status":"publish","type":"post","link":"https:\/\/www.europesays.com\/pt\/161157\/","title":{"rendered":"&#8216;Baleia cripto&#8217; adormecida desde 2011 vende US$ 1,3 bilh\u00e3o em bitcoin | Criptomoedas"},"content":{"rendered":"\n<p class=\" content-text__container theme-color-primary-first-letter\" data-track-category=\"Link no Texto\" data-track-links=\"\"> O investidor Owen Gunden, que come\u00e7ou a comprar bitcoin (BTC) em 2011, quando a criptomoeda ainda valia perto de US$ 3,00, vendeu toda a sua posi\u00e7\u00e3o no ativo. Os 11 mil BTCs que ele possu\u00eda foram vendidos por um total de US$ 1,3 bilh\u00e3o. <\/p>\n<p class=\" content-text__container \" data-track-category=\"Link no Texto\" data-track-links=\"\"> As informa\u00e7\u00f5es foram publicadas pela empresa de an\u00e1lise de blockchain Arkham Intelligence em uma postagem na rede social X (Twitter). <\/p>\n<p class=\" content-text__container \" data-track-category=\"Link no Texto\" data-track-links=\"\"> De acordo com a Arkham, Owen come\u00e7ou a vender seus bitcoins no final de outubro e hoje terminou de se desfazer da criptomoeda ao transferir US$ 230 milh\u00f5es de sua carteira para a corretora de criptomoedas Kraken. <\/p>\n<p class=\" content-text__container \" data-track-category=\"Link no Texto\" data-track-links=\"\"> A venda \u00e9 mais uma dentre uma <a class=\"\" href=\"https:\/\/valor.globo.com\/financas\/criptomoedas\/noticia\/2025\/08\/12\/baleias-de-bitcoin-movimentam-carteiras-e-para-se-preocupar.ghtml\" rel=\"nofollow noopener\" target=\"_blank\">s\u00e9rie de realiza\u00e7\u00f5es de lucro<\/a> por parte de investidores hist\u00f3ricos de bitcoin ao longo deste ano. Desde julho, uma s\u00e9rie de \u201cbaleias\u201d (como s\u00e3o chamadas as carteiras com grandes quantidades de bitcoin) vendeu posi\u00e7\u00f5es em BTC. <\/p>\n<p class=\" content-text__container \" data-track-category=\"Link no Texto\" data-track-links=\"\"> O que chama a aten\u00e7\u00e3o \u00e9 que s\u00e3o carteiras muito antigas, que adquiriram a criptomoeda antes de toda a valoriza\u00e7\u00e3o pela qual o ativo passou nos \u00faltimos 10 anos. Em 4 de julho, por exemplo, uma carteira que n\u00e3o movimentava seus bitcoins havia 14 anos moveu de uma s\u00f3 vez 10 mil BTCs, por US$ 1,2 bilh\u00e3o. <\/p>\n<p class=\" content-text__container \" data-track-category=\"Link no Texto\" data-track-links=\"\"> Essas grandes vendas significam um aumento muito grande e imediato na oferta de bitcoins, o que derruba o pre\u00e7o do criptoativo, pois ele se torna &#8220;menos raro&#8221; (na verdade a disponibilidade da moeda digital aumenta por um per\u00edodo espec\u00edfico). <\/p>\n<p class=\" content-text__container \" data-track-category=\"Link no Texto\" data-track-links=\"\"> Hoje n\u00e3o foi diferente e a movimenta\u00e7\u00e3o da carteira de Owen interrompeu uma tentativa do bitcoin de se manter acima dos US$ 91 mil. \u00c0s 18h56 (hor\u00e1rio de Bras\u00edlia), o BTC ca\u00eda 3,4% a US$ 87.438. <\/p>\n","protected":false},"excerpt":{"rendered":"O investidor Owen Gunden, que come\u00e7ou a comprar bitcoin (BTC) em 2011, quando a criptomoeda ainda valia perto&hellip;\n","protected":false},"author":2,"featured_media":161158,"comment_status":"","ping_status":"","sticky":false,"template":"","format":"standard","meta":{"footnotes":""},"categories":[83],"tags":[88,34227,34224,7217,89,90,34228,34225,32,33,34226,19291],"class_list":{"0":"post-161157","1":"post","2":"type-post","3":"status-publish","4":"format-standard","5":"has-post-thumbnail","7":"category-empresas","8":"tag-business","9":"tag-corretoras-de-criptomoedas","10":"tag-cripto-noticias","11":"tag-criptoativos","12":"tag-economy","13":"tag-empresas","14":"tag-kraken-criptomoedas","15":"tag-moedas-digitais","16":"tag-portugal","17":"tag-pt","18":"tag-seguranca-da-informacao","19":"tag-x-rede-social"},"share_on_mastodon":{"url":"https:\/\/pubeurope.com\/@pt\/115593617549987666","error":""},"_links":{"self":[{"href":"https:\/\/www.europesays.com\/pt\/wp-json\/wp\/v2\/posts\/161157","targetHints":{"allow":["GET"]}}],"collection":[{"href":"https:\/\/www.europesays.com\/pt\/wp-json\/wp\/v2\/posts"}],"about":[{"href":"https:\/\/www.europesays.com\/pt\/wp-json\/wp\/v2\/types\/post"}],"author":[{"embeddable":true,"href":"https:\/\/www.europesays.com\/pt\/wp-json\/wp\/v2\/users\/2"}],"replies":[{"embeddable":true,"href":"https:\/\/www.europesays.com\/pt\/wp-json\/wp\/v2\/comments?post=161157"}],"version-history":[{"count":0,"href":"https:\/\/www.europesays.com\/pt\/wp-json\/wp\/v2\/posts\/161157\/revisions"}],"wp:featuredmedia":[{"embeddable":true,"href":"https:\/\/www.europesays.com\/pt\/wp-json\/wp\/v2\/media\/161158"}],"wp:attachment":[{"href":"https:\/\/www.europesays.com\/pt\/wp-json\/wp\/v2\/media?parent=161157"}],"wp:term":[{"taxonomy":"category","embeddable":true,"href":"https:\/\/www.europesays.com\/pt\/wp-json\/wp\/v2\/categories?post=161157"},{"taxonomy":"post_tag","embeddable":true,"href":"https:\/\/www.europesays.com\/pt\/wp-json\/wp\/v2\/tags?post=161157"}],"curies":[{"name":"wp","href":"https:\/\/api.w.org\/{rel}","templated":true}]}}