{"id":161163,"date":"2025-11-22T13:39:35","date_gmt":"2025-11-22T13:39:35","guid":{"rendered":"https:\/\/www.europesays.com\/pt\/161163\/"},"modified":"2025-11-22T13:39:35","modified_gmt":"2025-11-22T13:39:35","slug":"fas-querem-saber-fofoca-de-patricia-ramos-e-romulo-estrela","status":"publish","type":"post","link":"https:\/\/www.europesays.com\/pt\/161163\/","title":{"rendered":"F\u00e3s querem saber fofoca de Patr\u00edcia Ramos e R\u00f4mulo Estrela"},"content":{"rendered":"<p><img decoding=\"async\" fetchpriority=\"high\" src=\"https:\/\/www.europesays.com\/pt\/wp-content\/uploads\/2025\/11\/aep3qb8v79tvwz76nq0cdyho6.jpg\" width=\"906\" height=\"509\" alt=\"R\u00f4mulo Estrela e Patr\u00edcia Ramos\" title=\"R\u00f4mulo Estrela e Patr\u00edcia Ramos\"\/>Reprodu\u00e7\u00e3o\/TV Globo<\/p>\n<p>R\u00f4mulo Estrela e Patr\u00edcia Ramos<\/p>\n<p><a href=\"https:\/\/gente.ig.com.br\/celebridades\/2024-11-12\/patricia-ramos-posa-de-biquini-cavadissimo-e-abre-album-de-fotos-com-o-namorado-veja.html\" data-mce-href=\"https:\/\/gente.ig.com.br\/celebridades\/2024-11-12\/patricia-ramos-posa-de-biquini-cavadissimo-e-abre-album-de-fotos-com-o-namorado-veja.html\" data-mce- rel=\"nofollow noopener\" target=\"_blank\">Patr\u00edcia Ramos,<\/a> \u00a0Paolla Oliveira e\u00a0 <a href=\"https:\/\/gente.ig.com.br\/colunas\/gabriel-perline\/2023-10-25\/romulo-estrela-surge-cabeludo-e-surpreende-com-visual-para-filme.html\" data-mce-href=\"https:\/\/gente.ig.com.br\/colunas\/gabriel-perline\/2023-10-25\/romulo-estrela-surge-cabeludo-e-surpreende-com-visual-para-filme.html\" data-mce- rel=\"nofollow noopener\" target=\"_blank\">R\u00f4mulo Estrela<\/a> foram os convidados do programa Ang\u00e9lica Ao Vivo, do canal GNT, na noite da \u00faltima quinta-feira (20). Na atra\u00e7\u00e3o comandada pela esposa de Luciano Huck, um momento chamou aten\u00e7\u00e3o ap\u00f3s telespectadores notarem uma conversa do ator com a apresentadora Patr\u00edcia.<\/p>\n<p>Enquanto Paolla Oliveira falava sobre comida agridoce, Patr\u00edcia Ramos e R\u00f4mulo Estrela come\u00e7aram a interagir ao vivo enquanto a colega dissertava sobre o tema. Os f\u00e3s, claro, ficaram at\u00f4nitos com a intera\u00e7\u00e3o dos dois.<\/p>\n<p>&#8220;Ficou um clima, ficou um clima. Ainda n\u00e3o. Depois&#8221;, disse um. &#8220;Aparentemente \u00e9 fofoca. Ela fala que ficou um clima (ruim). Ele pede para ela explicar o porqu\u00ea, e ela diz: &#8216;agora n\u00e3o, depois'&#8221;, comentou outro.<\/p>\n<p>Sobre o Ang\u00e9lica Ao Vivo<\/p>\n<p>O <a href=\"https:\/\/gente.ig.com.br\/tvenovela\/2025-09-23\/angelica-e-andre-marques-retomam-parceria-em-nova-atracao.html\" data-mce-href=\"https:\/\/gente.ig.com.br\/tvenovela\/2025-09-23\/angelica-e-andre-marques-retomam-parceria-em-nova-atracao.html\" data-mce- rel=\"nofollow noopener\" target=\"_blank\">Ang\u00e9lica Ao Vivo <\/a>pretende abordar temas atuais e n\u00e3o ter\u00e1 como foco a entrevista tradicional com os convidados, mas sim o debate em torno de assuntos previamente escolhidos.<\/p>\n<p>O projeto vem sendo desenvolvido desde o in\u00edcio deste ano. Daniela Gleiser, respons\u00e1vel pelo especial do V\u00eddeo Game em comemora\u00e7\u00e3o aos 60 anos do canal, est\u00e1 dirigindo a nova atra\u00e7\u00e3o, que estreou com tudo na tela do Grupo Globo.<\/p>\n<p>A esposa de Luciano Huck voltou oficialmente para a Globo em 2023, para apresentar o 50 &amp; Tanto, uma s\u00e9rie especial de entrevistas com mulheres, em comemora\u00e7\u00e3o aos seus 50 anos. Depois, o formato foi adaptado para entrevistas com homens, no 50 &amp; Uns.<\/p>\n<p>Leia mais<\/p>\n","protected":false},"excerpt":{"rendered":"Reprodu\u00e7\u00e3o\/TV Globo R\u00f4mulo Estrela e Patr\u00edcia Ramos Patr\u00edcia Ramos, \u00a0Paolla Oliveira e\u00a0 R\u00f4mulo Estrela foram os convidados do&hellip;\n","protected":false},"author":2,"featured_media":161164,"comment_status":"","ping_status":"","sticky":false,"template":"","format":"standard","meta":{"footnotes":""},"categories":[145],"tags":[211,210,4056,114,115,32,33],"class_list":{"0":"post-161163","1":"post","2":"type-post","3":"status-publish","4":"format-standard","5":"has-post-thumbnail","7":"category-celebridades","8":"tag-celebridades","9":"tag-celebrities","10":"tag-curiosidade","11":"tag-entertainment","12":"tag-entretenimento","13":"tag-portugal","14":"tag-pt"},"share_on_mastodon":{"url":"https:\/\/pubeurope.com\/@pt\/115593633101330907","error":""},"_links":{"self":[{"href":"https:\/\/www.europesays.com\/pt\/wp-json\/wp\/v2\/posts\/161163","targetHints":{"allow":["GET"]}}],"collection":[{"href":"https:\/\/www.europesays.com\/pt\/wp-json\/wp\/v2\/posts"}],"about":[{"href":"https:\/\/www.europesays.com\/pt\/wp-json\/wp\/v2\/types\/post"}],"author":[{"embeddable":true,"href":"https:\/\/www.europesays.com\/pt\/wp-json\/wp\/v2\/users\/2"}],"replies":[{"embeddable":true,"href":"https:\/\/www.europesays.com\/pt\/wp-json\/wp\/v2\/comments?post=161163"}],"version-history":[{"count":0,"href":"https:\/\/www.europesays.com\/pt\/wp-json\/wp\/v2\/posts\/161163\/revisions"}],"wp:featuredmedia":[{"embeddable":true,"href":"https:\/\/www.europesays.com\/pt\/wp-json\/wp\/v2\/media\/161164"}],"wp:attachment":[{"href":"https:\/\/www.europesays.com\/pt\/wp-json\/wp\/v2\/media?parent=161163"}],"wp:term":[{"taxonomy":"category","embeddable":true,"href":"https:\/\/www.europesays.com\/pt\/wp-json\/wp\/v2\/categories?post=161163"},{"taxonomy":"post_tag","embeddable":true,"href":"https:\/\/www.europesays.com\/pt\/wp-json\/wp\/v2\/tags?post=161163"}],"curies":[{"name":"wp","href":"https:\/\/api.w.org\/{rel}","templated":true}]}}