{"id":161167,"date":"2025-11-22T13:51:19","date_gmt":"2025-11-22T13:51:19","guid":{"rendered":"https:\/\/www.europesays.com\/pt\/161167\/"},"modified":"2025-11-22T13:51:19","modified_gmt":"2025-11-22T13:51:19","slug":"hospital-de-s-joao-vai-ter-drones-a-transportar-medicamentos-sangue-e-orgaos-em-2026","status":"publish","type":"post","link":"https:\/\/www.europesays.com\/pt\/161167\/","title":{"rendered":"Hospital de S. Jo\u00e3o vai ter drones a transportar medicamentos, sangue e \u00f3rg\u00e3os em 2026"},"content":{"rendered":"<p>Encurtar o tempo de resposta salva vidas. Foi esta a premissa que impulsionou a cria\u00e7\u00e3o do primeiro vertiporto hospitalar do pa\u00eds, cuja constru\u00e7\u00e3o vai arrancar em janeiro, no Hospital de S. Jo\u00e3o, no Porto, e dever\u00e1 estar conclu\u00edda em maio. Esta \u00e9 uma infraestrutura que vai permitir a aterragem e descolagem de drones, que ser\u00e3o utilizados para transporte de medicamentos, sangue, ant\u00eddotos e \u00f3rg\u00e3os, se tudo correr como esperado, j\u00e1 em 2026. Salvamentos e socorro m\u00e9dico tamb\u00e9m ser\u00e3o aplica\u00e7\u00f5es deste ve\u00edculo a\u00e9reo num futuro pr\u00f3ximo.<\/p>\n","protected":false},"excerpt":{"rendered":"Encurtar o tempo de resposta salva vidas. Foi esta a premissa que impulsionou a cria\u00e7\u00e3o do primeiro vertiporto&hellip;\n","protected":false},"author":2,"featured_media":161168,"comment_status":"","ping_status":"","sticky":false,"template":"","format":"standard","meta":{"footnotes":""},"categories":[50],"tags":[27,28,20018,837,15,16,14,20904,25,26,21,22,62,12,13,19,20,23,24,117,17,18,29,30,31,63,64,65],"class_list":{"0":"post-161167","1":"post","2":"type-post","3":"status-publish","4":"format-standard","5":"has-post-thumbnail","7":"category-mundo","8":"tag-breaking-news","9":"tag-breakingnews","10":"tag-concelho-porto","11":"tag-drones","12":"tag-featured-news","13":"tag-featurednews","14":"tag-headlines","15":"tag-hospital-s-joao","16":"tag-latest-news","17":"tag-latestnews","18":"tag-main-news","19":"tag-mainnews","20":"tag-mundo","21":"tag-news","22":"tag-noticias","23":"tag-noticias-principais","24":"tag-noticiasprincipais","25":"tag-principais-noticias","26":"tag-principaisnoticias","27":"tag-saude","28":"tag-top-stories","29":"tag-topstories","30":"tag-ultimas","31":"tag-ultimas-noticias","32":"tag-ultimasnoticias","33":"tag-world","34":"tag-world-news","35":"tag-worldnews"},"share_on_mastodon":{"url":"https:\/\/pubeurope.com\/@pt\/115593680388672231","error":""},"_links":{"self":[{"href":"https:\/\/www.europesays.com\/pt\/wp-json\/wp\/v2\/posts\/161167","targetHints":{"allow":["GET"]}}],"collection":[{"href":"https:\/\/www.europesays.com\/pt\/wp-json\/wp\/v2\/posts"}],"about":[{"href":"https:\/\/www.europesays.com\/pt\/wp-json\/wp\/v2\/types\/post"}],"author":[{"embeddable":true,"href":"https:\/\/www.europesays.com\/pt\/wp-json\/wp\/v2\/users\/2"}],"replies":[{"embeddable":true,"href":"https:\/\/www.europesays.com\/pt\/wp-json\/wp\/v2\/comments?post=161167"}],"version-history":[{"count":0,"href":"https:\/\/www.europesays.com\/pt\/wp-json\/wp\/v2\/posts\/161167\/revisions"}],"wp:featuredmedia":[{"embeddable":true,"href":"https:\/\/www.europesays.com\/pt\/wp-json\/wp\/v2\/media\/161168"}],"wp:attachment":[{"href":"https:\/\/www.europesays.com\/pt\/wp-json\/wp\/v2\/media?parent=161167"}],"wp:term":[{"taxonomy":"category","embeddable":true,"href":"https:\/\/www.europesays.com\/pt\/wp-json\/wp\/v2\/categories?post=161167"},{"taxonomy":"post_tag","embeddable":true,"href":"https:\/\/www.europesays.com\/pt\/wp-json\/wp\/v2\/tags?post=161167"}],"curies":[{"name":"wp","href":"https:\/\/api.w.org\/{rel}","templated":true}]}}