{"id":161169,"date":"2025-11-22T13:52:51","date_gmt":"2025-11-22T13:52:51","guid":{"rendered":"https:\/\/www.europesays.com\/pt\/161169\/"},"modified":"2025-11-22T13:52:51","modified_gmt":"2025-11-22T13:52:51","slug":"pm-recebe-ugt-mas-ministra-do-trabalho-continua-a-liderar-negociacoes","status":"publish","type":"post","link":"https:\/\/www.europesays.com\/pt\/161169\/","title":{"rendered":"PM recebe UGT, mas Ministra do Trabalho continua a liderar negocia\u00e7\u00f5es"},"content":{"rendered":"<p><b>Acompanhe toda a atualidade informativa em\u00a0<\/b><a href=\"http:\/\/24noticias.sapo.pt\" rel=\"nofollow noopener\" target=\"_blank\"><b>24noticias.sapo.pt<\/b><\/a><\/p>\n<p>A reuni\u00e3o coloca assim o primeiro-ministro diretamente nas negocia\u00e7\u00f5es em curso sobre a proposta de reforma laboral, mas, a ministra do Trabalho, Solidariedade e Seguran\u00e7a Social, Maria do Ros\u00e1rio Palma Ramalho, sublinhou que estar\u00e1 presente no encontro, mantendo a lideran\u00e7a do processo negocial.<\/p>\n<p>&#8220;N\u00e3o havia qualquer raz\u00e3o para que n\u00e3o aced\u00eassemos a este pedido de audi\u00eancia da UGT, independentemente de ser, de facto, a ministra do Trabalho que est\u00e1 a liderar este processo negocial da parte do Governo&#8221;, afirmou a governante em declara\u00e7\u00f5es aos jornalistas, \u00e0 margem da cerim\u00f3nia de inaugura\u00e7\u00e3o de um lar da Santa Casa da Miseric\u00f3rdia de Lisboa.<\/p>\n<p>&#8220;O Governo atua articuladamente e, portanto, em qualquer momento pode haver uma reuni\u00e3o com o senhor primeiro-ministro ou, \u00e0s vezes, at\u00e9 com outros ministros&#8221;, referiu, assinalando que tamb\u00e9m estar\u00e1 presente.<\/p>\n<p>Segundo Ros\u00e1rio Ramalho, a audi\u00eancia pedida pela UGT a Lu\u00eds Montenegro \u00e9 &#8220;uma reuni\u00e3o perfeitamente natural no \u00e2mbito de um processo negocial que est\u00e1 a correr, embora neste momento sob a amea\u00e7a de uma greve geral&#8221;. Uma paralisa\u00e7\u00e3o, convocada pelas duas centrais sindicais para 11 de dezembro, cuja import\u00e2ncia, enfatizou: &#8220;n\u00e3o devemos negar&#8221;.<\/p>\n<p>Ros\u00e1rio Palma Ramalho salientou que o anteprojeto de reforma da legisla\u00e7\u00e3o laboral &#8220;\u00e9 uma proposta do Governo&#8221;, no \u00e2mbito da qual o primeiro-ministro &#8220;interv\u00e9m sempre que quiser&#8221;.<\/p>\n<p>Com a CGTP ausente das negocia\u00e7\u00f5es, o Executivo tenta criar condi\u00e7\u00f5es para um entendimento com a UGT, \u00fanico parceiro com quem mant\u00e9m a possibilidade de alcan\u00e7ar um acordo na Concerta\u00e7\u00e3o Social, tendo enviado \u00e0 central sindical uma vers\u00e3o com altera\u00e7\u00f5es relativas a 28 artigos, que a UGT recusou.<\/p>\n<p>__<\/p>\n<p><b>A sua newsletter de sempre, agora ainda mais \u00fatil<\/b><\/p>\n<p>Com o lan\u00e7amento da nova marca de informa\u00e7\u00e3o\u00a0<b>24not\u00edcias<\/b>, estamos a mudar a plataforma de newsletters, aproveitando para refor\u00e7ar a informa\u00e7\u00e3o que os leitores mais valorizam:\u00a0<b>a que lhes \u00e9 \u00fatil, ajuda a tomar decis\u00f5es e a entender o mundo.<\/b><\/p>\n<p><b>Assine a nova newsletter do 24not\u00edcias\u00a0<\/b><a href=\"https:\/\/sapo.us1.list-manage.com\/subscribe?u=8f49263740b14ab5854be8045&amp;id=57a39c5e8f\" rel=\"nofollow noopener\" target=\"_blank\"><b>aqui<\/b><\/a><b>.<\/b><\/p>\n","protected":false},"excerpt":{"rendered":"Acompanhe toda a atualidade informativa em\u00a024noticias.sapo.pt A reuni\u00e3o coloca assim o primeiro-ministro diretamente nas negocia\u00e7\u00f5es em curso sobre&hellip;\n","protected":false},"author":2,"featured_media":161170,"comment_status":"","ping_status":"","sticky":false,"template":"","format":"standard","meta":{"footnotes":""},"categories":[10],"tags":[27,28,15,16,14,25,26,21,22,12,13,19,20,32,23,24,33,17,18,29,30,31],"class_list":{"0":"post-161169","1":"post","2":"type-post","3":"status-publish","4":"format-standard","5":"has-post-thumbnail","7":"category-portugal","8":"tag-breaking-news","9":"tag-breakingnews","10":"tag-featured-news","11":"tag-featurednews","12":"tag-headlines","13":"tag-latest-news","14":"tag-latestnews","15":"tag-main-news","16":"tag-mainnews","17":"tag-news","18":"tag-noticias","19":"tag-noticias-principais","20":"tag-noticiasprincipais","21":"tag-portugal","22":"tag-principais-noticias","23":"tag-principaisnoticias","24":"tag-pt","25":"tag-top-stories","26":"tag-topstories","27":"tag-ultimas","28":"tag-ultimas-noticias","29":"tag-ultimasnoticias"},"share_on_mastodon":{"url":"https:\/\/pubeurope.com\/@pt\/115593688381684576","error":""},"_links":{"self":[{"href":"https:\/\/www.europesays.com\/pt\/wp-json\/wp\/v2\/posts\/161169","targetHints":{"allow":["GET"]}}],"collection":[{"href":"https:\/\/www.europesays.com\/pt\/wp-json\/wp\/v2\/posts"}],"about":[{"href":"https:\/\/www.europesays.com\/pt\/wp-json\/wp\/v2\/types\/post"}],"author":[{"embeddable":true,"href":"https:\/\/www.europesays.com\/pt\/wp-json\/wp\/v2\/users\/2"}],"replies":[{"embeddable":true,"href":"https:\/\/www.europesays.com\/pt\/wp-json\/wp\/v2\/comments?post=161169"}],"version-history":[{"count":0,"href":"https:\/\/www.europesays.com\/pt\/wp-json\/wp\/v2\/posts\/161169\/revisions"}],"wp:featuredmedia":[{"embeddable":true,"href":"https:\/\/www.europesays.com\/pt\/wp-json\/wp\/v2\/media\/161170"}],"wp:attachment":[{"href":"https:\/\/www.europesays.com\/pt\/wp-json\/wp\/v2\/media?parent=161169"}],"wp:term":[{"taxonomy":"category","embeddable":true,"href":"https:\/\/www.europesays.com\/pt\/wp-json\/wp\/v2\/categories?post=161169"},{"taxonomy":"post_tag","embeddable":true,"href":"https:\/\/www.europesays.com\/pt\/wp-json\/wp\/v2\/tags?post=161169"}],"curies":[{"name":"wp","href":"https:\/\/api.w.org\/{rel}","templated":true}]}}