{"id":161171,"date":"2025-11-22T13:53:10","date_gmt":"2025-11-22T13:53:10","guid":{"rendered":"https:\/\/www.europesays.com\/pt\/161171\/"},"modified":"2025-11-22T13:53:10","modified_gmt":"2025-11-22T13:53:10","slug":"bolsonaro-detido-preventivamente-apos-romper-pulseira-eletronica-para-fugir-2","status":"publish","type":"post","link":"https:\/\/www.europesays.com\/pt\/161171\/","title":{"rendered":"Bolsonaro detido preventivamente ap\u00f3s romper pulseira eletr\u00f3nica para fugir"},"content":{"rendered":"<p>&#13;<br \/>\nO juiz do Supremo Tribunal Federal (STF) do Brasil Alexandre de Moraes disse que o ex-presidente Jair Bolsonaro, tentou romper a pulseira eletr\u00f3nica para &#8220;garantir \u00eaxito&#8221; na sua fuga.&#13;\n<\/p>\n<p>&#13;<br \/>\n&#8220;<b>Constata a inten\u00e7\u00e3o do condenado de romper a tornozeleira<\/b> [pulseira] eletr\u00f3nica <b>para garantir \u00eaxito em sua fuga, facilitada pela confus\u00e3o causada pela manifesta\u00e7\u00e3o convocada por seu filho<\/b>&#8220;, l\u00ea-se na decis\u00e3o do juiz.\u00a0&#13;\n<\/p>\n<p>De acordo com a ordem de deten\u00e7\u00e3o, <b>as autoridades detetaram uma &#8220;viola\u00e7\u00e3o do equipamento de monitoriza\u00e7\u00e3o eletr\u00f3nica&#8221;<\/b> \u00e0s 00h08 locais.<\/p>\n<p><b>Alexandre de Moraes recordou ainda que outros aliados do antigo chefe de Estado, condenados ou acusados de golpe de Estado, sa\u00edram recentemente do pa\u00eds,<\/b> entre eles o deputado Eduardo Bolsonaro, outro dos seus filhos, e o ex-chefe dos servi\u00e7os de informa\u00e7\u00f5es Alexandre Ramagem, que fugiu clandestinamente do Brasil pelo estado de Roraima, na fronteira com a Venezuela, tendo seguido depois para os Estados Unidos.<br \/>&#13;\n<\/p>\n<p>&#13;<br \/>\n&#8220;A Pol\u00edcia Federal cumpriu neste s\u00e1bado em Bras\u00edlia\/DF um mandado de pris\u00e3o preventiva em cumprimento da decis\u00e3o do Supremo Tribunal Federal&#8221;, tinha afirmado antes a Pol\u00edcia Federal.<br \/>&#13;<br \/>\n<br \/>&#13;<br \/>\nA imprensa local indicou que a pris\u00e3o preventiva \u00e9 uma medida cautelar, sendo que n\u00e3o se trata do cumprimento da pena de mais de 27 anos a que Jair Bolsonaro foi condenado em 11 de setembro por golpe de Estado.<br \/>&#13;\n<\/p>\n<p>&#13;<br \/>\n<b>O ex-presidente do Brasil foi levado para a Superintend\u00eancia da Pol\u00edcia Federal, onde ficar\u00e1 numa uma sala de Estado, um espa\u00e7o reservado para autoridades como presidentes da Rep\u00fablica e outras altas figuras p\u00fablicas.&#13;<br \/>\n<\/b>&#13;\n<\/p>\n<p><\/p>\n<p>A ordem de pris\u00e3o preventiva responde a um pedido da Pol\u00edcia Federal depois de outro dos filhos do ex-presidente, o senador Fl\u00e1vio Bolsonaro, ter convocado uma &#8220;vig\u00edlia&#8221; em frente \u00e0 casa do pai para hoje \u00e0 noite.<br \/>\n          <img decoding=\"async\" itemprop=\"image\" class=\"img-fluid\"   src=\"https:\/\/www.europesays.com\/pt\/wp-content\/uploads\/2025\/11\/1763819590_15_affb2cc1ff791a287235827810650e08_N.jpg\"\/><\/p>\n<p>\n<b>Para o juiz, essa manifesta\u00e7\u00e3o tinha como objetivo obstruir a fiscaliza\u00e7\u00e3o da pris\u00e3o domicili\u00e1ria a que Bolsonaro estava sujeito desde 4 de agosto, por incumprimento de v\u00e1rias medidas cautelares<\/b>.<\/p>\n<p>Na sua avalia\u00e7\u00e3o, a &#8220;suposta vig\u00edlia&#8221; colocava &#8220;em risco a ordem p\u00fablica e a efic\u00e1cia da lei penal&#8221;.&#13;\n<\/p>\n<p>&#13;<br \/>\nEsta decis\u00e3o surge um dia depois de a defesa de Jair Bolsonaro ter pedido ao Supremo Tribunal Federal do Brasil que o ex-Presidente cumprisse em regime domicili\u00e1rio a pena de mais de 27 anos de pris\u00e3o a que foi condenado em setembro.<br \/>&#13;\n<\/p>\n<p>&#13;<br \/>\nCondenado em setembro a 27 anos e 3 meses de pris\u00e3o<br \/>\nJair Bolsonaro foi condenado em setembro a 27 anos e tr\u00eas meses de pris\u00e3o por conspira\u00e7\u00e3o para um golpe de Estado para se manter no poder ap\u00f3s a derrota nas elei\u00e7\u00f5es de 2022 para o presidente Luiz In\u00e1cio Lula da Silva.<\/p>\n<p>Bolsonaro foi identificado como o l\u00edder e o principal benefici\u00e1rio de um esquema para impedir que Lula assumisse o cargo em 2023.<\/p>\n<p>No entanto, os tribunais ainda n\u00e3o emitiram uma ordem de deten\u00e7\u00e3o definitiva neste caso, uma vez que Bolsonaro n\u00e3o esgotou os recursos.<\/p>\n<p>H\u00e1 mais de 100 dias que o antigo presidente brasileiro est\u00e1 em pris\u00e3o domicili\u00e1ria rigorosa por violar medidas cautelares num caso separado, por alegadamente procurar a interfer\u00eancia dos EUA para travar o processo criminal contra ele.<\/p>\n<p>O presidente norte-americano, Donald Trump, que era aliado de Bolsonaro quando ambos estavam no poder, classificou o caso como uma &#8220;ca\u00e7a \u00e0s bruxas&#8221;. Imp\u00f4s san\u00e7\u00f5es a Moraes, o juiz respons\u00e1vel pelo caso, e uma tarifa de 50% sobre as importa\u00e7\u00f5es americanas de v\u00e1rios produtos brasileiros, que come\u00e7ou a ser revogada este m\u00eas.<\/p>\n<p>Enquanto esteve em pris\u00e3o domicili\u00e1ria, Bolsonaro foi proibido de usar as redes sociais, mas recebeu visitas de aliados pol\u00edticos. A sua defesa deve solicitar autoriza\u00e7\u00e3o para que cumpra a pena em pris\u00e3o domicili\u00e1ria, alegando v\u00e1rios problemas de sa\u00fade.<\/p>\n<p>O ex-presidente, que foi esfaqueado no abd\u00f3men durante um evento de campanha em 2018, tem um historial de internamentos e cirurgias relacionadas com o ataque.<\/p>\n<p>Bolson j\u00e1 tinha sido impedido de se candidatar a cargos eletivos at\u00e9 2030, depois de o Tribunal Superior Eleitoral do Brasil o ter considerado culpado de abuso de poder durante a sua campanha de reelei\u00e7\u00e3o em 2022.&#13;\n<\/p>\n<p>          <img decoding=\"async\" itemprop=\"image\" class=\"img-fluid\"   src=\"https:\/\/www.europesays.com\/pt\/wp-content\/uploads\/2025\/11\/1763819590_400_23f0d396bfa89f28414dd61cab8a1cea_N.jpg\"\/><\/p>\n<p>\u00a0\u00a0<\/p>\n","protected":false},"excerpt":{"rendered":"&#13; O juiz do Supremo Tribunal Federal (STF) do Brasil Alexandre de Moraes disse que o ex-presidente Jair&hellip;\n","protected":false},"author":2,"featured_media":161162,"comment_status":"","ping_status":"","sticky":false,"template":"","format":"standard","meta":{"footnotes":""},"categories":[8],"tags":[27,28,15,16,14,25,26,21,22,12,13,19,20,32,23,24,33,420,421,17,18,29,30,31],"class_list":{"0":"post-161171","1":"post","2":"type-post","3":"status-publish","4":"format-standard","5":"has-post-thumbnail","7":"category-principais-noticias","8":"tag-breaking-news","9":"tag-breakingnews","10":"tag-featured-news","11":"tag-featurednews","12":"tag-headlines","13":"tag-latest-news","14":"tag-latestnews","15":"tag-main-news","16":"tag-mainnews","17":"tag-news","18":"tag-noticias","19":"tag-noticias-principais","20":"tag-noticiasprincipais","21":"tag-portugal","22":"tag-principais-noticias","23":"tag-principaisnoticias","24":"tag-pt","25":"tag-rtp","26":"tag-rtp-noticias","27":"tag-top-stories","28":"tag-topstories","29":"tag-ultimas","30":"tag-ultimas-noticias","31":"tag-ultimasnoticias"},"share_on_mastodon":{"url":"https:\/\/pubeurope.com\/@pt\/115593688715922322","error":""},"_links":{"self":[{"href":"https:\/\/www.europesays.com\/pt\/wp-json\/wp\/v2\/posts\/161171","targetHints":{"allow":["GET"]}}],"collection":[{"href":"https:\/\/www.europesays.com\/pt\/wp-json\/wp\/v2\/posts"}],"about":[{"href":"https:\/\/www.europesays.com\/pt\/wp-json\/wp\/v2\/types\/post"}],"author":[{"embeddable":true,"href":"https:\/\/www.europesays.com\/pt\/wp-json\/wp\/v2\/users\/2"}],"replies":[{"embeddable":true,"href":"https:\/\/www.europesays.com\/pt\/wp-json\/wp\/v2\/comments?post=161171"}],"version-history":[{"count":0,"href":"https:\/\/www.europesays.com\/pt\/wp-json\/wp\/v2\/posts\/161171\/revisions"}],"wp:featuredmedia":[{"embeddable":true,"href":"https:\/\/www.europesays.com\/pt\/wp-json\/wp\/v2\/media\/161162"}],"wp:attachment":[{"href":"https:\/\/www.europesays.com\/pt\/wp-json\/wp\/v2\/media?parent=161171"}],"wp:term":[{"taxonomy":"category","embeddable":true,"href":"https:\/\/www.europesays.com\/pt\/wp-json\/wp\/v2\/categories?post=161171"},{"taxonomy":"post_tag","embeddable":true,"href":"https:\/\/www.europesays.com\/pt\/wp-json\/wp\/v2\/tags?post=161171"}],"curies":[{"name":"wp","href":"https:\/\/api.w.org\/{rel}","templated":true}]}}