{"id":161172,"date":"2025-11-22T13:54:10","date_gmt":"2025-11-22T13:54:10","guid":{"rendered":"https:\/\/www.europesays.com\/pt\/161172\/"},"modified":"2025-11-22T13:54:10","modified_gmt":"2025-11-22T13:54:10","slug":"roteiro-pelos-lugares-que-a-cantora-visitou-no-rio-confira-imagens-do-role-carioca","status":"publish","type":"post","link":"https:\/\/www.europesays.com\/pt\/161172\/","title":{"rendered":"roteiro pelos lugares que a cantora visitou no Rio; confira imagens do &#8216;rol\u00e9&#8217; carioca"},"content":{"rendered":"\n<p class=\" content-text__container theme-color-primary-first-letter\" data-track-category=\"Link no Texto\" data-track-links=\"\"> A passagem de <a class=\"\" href=\"https:\/\/oglobo.globo.com\/tudo-sobre\/personalidade\/dua-lipa\/\" rel=\"nofollow noopener\" target=\"_blank\">Dua Lipa<\/a> pelo Rio virou um guia involunt\u00e1rio para quem quer viver a cidade como uma estrela pop. Nesta sexta (21), a cantora brit\u00e2nica compartilhou em seu feed um carrossel de fotos da viagem \u2014 com caipirinha, samba, futebol, Cristo e praia \u2014 enquanto se prepara para o show deste s\u00e1bado, na Farmasi Arena, na Barra da Tijuca. A seguir, reunimos os endere\u00e7os por onde a artista passou e dicas para repetir o charme e garantir boas fotos. <\/p>\n<ul class=\"content-unordered-list\">\n<li><strong>Do Jobi ao Lasai:<\/strong> <a class=\"\" href=\"https:\/\/oglobo.globo.com\/rio\/noticia\/2025\/11\/22\/do-jobi-ao-lasai-gastronomia-carioca-quer-conquistar-turistas-gourmets-e-organiza-maratona-por-classicos-da-cidade.ghtml\" rel=\"nofollow noopener\" target=\"_blank\">Gastronomia carioca quer conquistar turistas gourmets e organiza &#8216;maratona&#8217; por cl\u00e1ssicos da cidade<\/a><\/li>\n<li><strong>Vejas as interdi\u00e7\u00f5es: <\/strong><a class=\"\" href=\"https:\/\/oglobo.globo.com\/rio\/noticia\/2025\/11\/22\/parada-do-orgulho-lgbtqia-muda-transito-em-copacabana-neste-domingo-veja.ghtml\" rel=\"nofollow noopener\" target=\"_blank\">Parada do Orgulho LGBTQIA+ muda tr\u00e2nsito em Copacabana neste domingo<\/a><\/li>\n<\/ul>\n<p>     Confira registros feitos por Dua Lipa em sua passagem pelo Rio         <\/p>\n<p>A cantora postou uma sequ\u00eancia de imagens da cidade maravilhosa em suas redes sociais<\/p>\n<p class=\" content-text__container \" data-track-category=\"Link no Texto\" data-track-links=\"\"> Dua Lipa est\u00e1 hospedada no hotel Fasano, em Ipanema, e chegou a postar fotos tomando sol na piscina do hotel. As di\u00e1rias variam de R$ 4.000 a R$ 10.000, dependendo da categoria e da \u00e9poca. <\/p>\n<p>Chanchada Bar \u2013 Botafogo<\/p>\n<p class=\" content-text__container \" data-track-category=\"Link no Texto\" data-track-links=\"\"> A cantora abriu a noite no Chanchada Bar, onde pediu uma por\u00e7\u00e3o de cora\u00e7\u00e3o de pato, barriga de porco e croquete de bochecha, al\u00e9m de uma caipirinha com pouco a\u00e7\u00facar. O bar \u00e9 queridinho pela cozinha autoral e pelo clima animado. <\/p>\n<p class=\" content-text__container \" data-track-category=\"Link no Texto\" data-track-links=\"\"> Como chegar: Fica na Rua \u00c1lvaro Ramos, 412, Botafogo. A esta\u00e7\u00e3o mais pr\u00f3xima \u00e9 Botafogo (metr\u00f4, 10 minutos de caminhada). <\/p>\n<p class=\" content-text__container \" data-track-category=\"Link no Texto\" data-track-links=\"\"> Dua Lipa visitou o Cristo Redentor e posou no mirante com vista para a cidade, um dos programas cl\u00e1ssicos de quem passa pelo Rio. <\/p>\n<p class=\" content-text__container \" data-track-category=\"Link no Texto\" data-track-links=\"\"> Como chegar: O acesso oficial \u00e9 pelo Trem do Corcovado, que parte do Cosme Velho. Tamb\u00e9m \u00e9 poss\u00edvel subir por vans oficiais saindo de Copacabana, Largo do Machado e Barra. <\/p>\n<p class=\" content-text__container \" data-track-category=\"Link no Texto\" data-track-links=\"\"> A artista tamb\u00e9m marcou presen\u00e7a no Maracan\u00e3, na quarta-feira (19), onde assistiu a um Fla-Flu que movimentou a cidade. O est\u00e1dio segue como um dos cart\u00f5es-postais mais procurados por turistas. <\/p>\n<p class=\" content-text__container \" data-track-category=\"Link no Texto\" data-track-links=\"\"> Como chegar: Metr\u00f4 Maracan\u00e3 (Linha 2) deixa a poucos metros do est\u00e1dio. H\u00e1 tamb\u00e9m integra\u00e7\u00e3o com trem na esta\u00e7\u00e3o Maracan\u00e3 (SuperVia). <\/p>\n<p class=\" content-text__container \" data-track-category=\"Link no Texto\" data-track-links=\"\"> Dua Lipa conheceu o samba na quadra da Unidos de Vila Isabel, onde foi recepcionada pela rainha de bateria Sabrina Sato. O ensaio da escola \u00e9 um mergulho no clima do Carnaval. <\/p>\n<p class=\" content-text__container \" data-track-category=\"Link no Texto\" data-track-links=\"\"> Como chegar: A quadra fica na Boulevard 28 de Setembro, 382. D\u00e1 para ir de BRT (parada Vila Isabel\/28 de Setembro) ou \u00f4nibus pela via principal. <\/p>\n<p class=\" content-text__container \" data-track-category=\"Link no Texto\" data-track-links=\"\"> Entre os cl\u00e1ssicos cariocas, Dua Lipa tamb\u00e9m passou pelo Braseiro da G\u00e1vea, reduto de bo\u00eamios, artistas e frequentadores da PUC. Famoso pelo chope gelado e pelas carnes servidas em por\u00e7\u00f5es generosas, o carro-chefe \u00e9 a picanha na brasa, sempre acompanhada de arroz, farofa e batatas portuguesas. O restaurante costuma encher nos fins de semana e ap\u00f3s jogos no Maracan\u00e3. <\/p>\n<p class=\" content-text__container \" data-track-category=\"Link no Texto\" data-track-links=\"\"> Como chegar: Fica na Pra\u00e7a Santos Dumont, 116. O acesso pode ser feito por \u00f4nibus que passam pela G\u00e1vea ou pela esta\u00e7\u00e3o Jardim Oce\u00e2nico (metr\u00f4) com integra\u00e7\u00e3o ao BRT, descendo no Terminal da Barra e seguindo de \u00f4nibus at\u00e9 a Pra\u00e7a. <\/p>\n<p class=\" content-text__container \" data-track-category=\"Link no Texto\" data-track-links=\"\"> A cantora tamb\u00e9m curtiu um p\u00f4r do sol em Ipanema, em um quiosque \u00e0 beira-mar, onde registrou o visual dourado que \u00e9 marca registrada da orla. A parada combina clima descontra\u00eddo, m\u00fasica e drinks para fechar o dia. <\/p>\n<p class=\" content-text__container \" data-track-category=\"Link no Texto\" data-track-links=\"\"> Como chegar: A orla de Ipanema tem acesso f\u00e1cil pela esta\u00e7\u00e3o Nossa Senhora da Paz ou General Os\u00f3rio (metr\u00f4), al\u00e9m de diversas linhas de \u00f4nibus que passam pela Vieira Souto e pela Prudente de Morais. <\/p>\n","protected":false},"excerpt":{"rendered":"A passagem de Dua Lipa pelo Rio virou um guia involunt\u00e1rio para quem quer viver a cidade como&hellip;\n","protected":false},"author":2,"featured_media":161173,"comment_status":"","ping_status":"","sticky":false,"template":"","format":"standard","meta":{"footnotes":""},"categories":[145],"tags":[211,210,1639,114,115,319,32,33,2326,2459],"class_list":{"0":"post-161172","1":"post","2":"type-post","3":"status-publish","4":"format-standard","5":"has-post-thumbnail","7":"category-celebridades","8":"tag-celebridades","9":"tag-celebrities","10":"tag-dua-lipa","11":"tag-entertainment","12":"tag-entretenimento","13":"tag-hard-news","14":"tag-portugal","15":"tag-pt","16":"tag-rio-de-janeiro","17":"tag-sudeste"},"share_on_mastodon":{"url":"https:\/\/pubeurope.com\/@pt\/115593691948047836","error":""},"_links":{"self":[{"href":"https:\/\/www.europesays.com\/pt\/wp-json\/wp\/v2\/posts\/161172","targetHints":{"allow":["GET"]}}],"collection":[{"href":"https:\/\/www.europesays.com\/pt\/wp-json\/wp\/v2\/posts"}],"about":[{"href":"https:\/\/www.europesays.com\/pt\/wp-json\/wp\/v2\/types\/post"}],"author":[{"embeddable":true,"href":"https:\/\/www.europesays.com\/pt\/wp-json\/wp\/v2\/users\/2"}],"replies":[{"embeddable":true,"href":"https:\/\/www.europesays.com\/pt\/wp-json\/wp\/v2\/comments?post=161172"}],"version-history":[{"count":0,"href":"https:\/\/www.europesays.com\/pt\/wp-json\/wp\/v2\/posts\/161172\/revisions"}],"wp:featuredmedia":[{"embeddable":true,"href":"https:\/\/www.europesays.com\/pt\/wp-json\/wp\/v2\/media\/161173"}],"wp:attachment":[{"href":"https:\/\/www.europesays.com\/pt\/wp-json\/wp\/v2\/media?parent=161172"}],"wp:term":[{"taxonomy":"category","embeddable":true,"href":"https:\/\/www.europesays.com\/pt\/wp-json\/wp\/v2\/categories?post=161172"},{"taxonomy":"post_tag","embeddable":true,"href":"https:\/\/www.europesays.com\/pt\/wp-json\/wp\/v2\/tags?post=161172"}],"curies":[{"name":"wp","href":"https:\/\/api.w.org\/{rel}","templated":true}]}}