{"id":161179,"date":"2025-11-22T14:08:20","date_gmt":"2025-11-22T14:08:20","guid":{"rendered":"https:\/\/www.europesays.com\/pt\/161179\/"},"modified":"2025-11-22T14:08:20","modified_gmt":"2025-11-22T14:08:20","slug":"virginia-surge-com-mascara-de-vini-jr-em-gravacao-no-sbt","status":"publish","type":"post","link":"https:\/\/www.europesays.com\/pt\/161179\/","title":{"rendered":"Virginia surge com m\u00e1scara de Vini Jr em grava\u00e7\u00e3o no SBT"},"content":{"rendered":"<p>A influenciadora digital <a href=\"https:\/\/caras.com.br\/tags\/virginia\" rel=\"nofollow noopener\" target=\"_blank\"><strong>Virginia Fonseca<\/strong><\/a> usou um acess\u00f3rio inusitado durante a grava\u00e7\u00e3o do programa Sabadou com Virginia, no SBT. Ela apareceu sorridente ao usar uma m\u00e1scara com a foto do seu namorado, o jogador de futebol <a href=\"https:\/\/caras.com.br\/tags\/vini-jr\" rel=\"nofollow noopener\" target=\"_blank\"><strong>Vini Jr<\/strong><\/a>.<\/p>\n<p>O acess\u00f3rio faz parte da din\u00e2mica de um novo quadro da atra\u00e7\u00e3o, chamado T\u00e1 Na Cara, que estreia neste s\u00e1bado, 22. Por enquanto, o SBT ainda n\u00e3o revelou os detalhes de qual \u00e9 a din\u00e2mica do quadro. As fotos apenas revelaram Virginia segurando a m\u00e1scara com o rosto do amado e at\u00e9 fazendo uma selfie com o item para guardar de recorda\u00e7\u00e3o.<\/p>\n<p>Vale lembrar que Virginia e Vini Jr vivem um namoro \u00e0 dist\u00e2ncia. Ela vive em Goi\u00e2nia, Brasil, com os filhos e o namorado mora em Madrid, na Espanha, por causa do trabalho. Com isso, ela faz viagens com frequ\u00eancia para encontr\u00e1-lo na Europa e viver momentos rom\u00e2nticos.<\/p>\n<p> <img loading=\"lazy\" decoding=\"async\" class=\"wp-image-1034398 size-full img-fluid lazy\" alt=\"Virginia se diverte com m\u00e1scara de foto de Vini Jr - Foto: Rogerio Pallatta\/SBT\" width=\"1920\" height=\"1080\" src=\"https:\/\/www.europesays.com\/pt\/wp-content\/uploads\/2025\/11\/virginia-no-sabadou-2.jpg\"  \/>Virginia se diverte com m\u00e1scara de foto de Vini Jr \u2013 Foto: Rogerio Pallatta\/SBT <img loading=\"lazy\" decoding=\"async\" class=\"wp-image-1034399 size-full img-fluid lazy\" alt=\"Virginia se diverte com m\u00e1scara de foto de Vini Jr - Foto: Rogerio Pallatta\/SBT\" width=\"1920\" height=\"1080\" src=\"https:\/\/www.europesays.com\/pt\/wp-content\/uploads\/2025\/11\/virginia-no-sabadou.jpg\"  \/>Virginia se diverte com m\u00e1scara de foto de Vini Jr \u2013 Foto: Rogerio Pallatta\/SBT Outros detalhes do programa Sabadou deste fim de semana <\/p>\n<p>No programa Sabadou com Virginia do dia 22 de novembro, a apresentadora Virginia Fonseca recebeu os convidados Igor 3K, F\u00e1bio Rabin e M\u00e1rcio Vitor para participarem das brincadeiras e conversarem sobre suas trajet\u00f3rias.<\/p>\n<p>Igor 3K relembrou o in\u00edcio de seu sucesso na internet. \u201cEu fa\u00e7o v\u00eddeos para a internet desde 2012, mas s\u00f3 fui criar um canal mesmo em 2014. Comecei fazendo v\u00eddeos de videogame e, na verdade, n\u00e3o era para eu ser o rosto do canal. Eu j\u00e1 dava aula, era formado, tinha filho e tudo, e meus irm\u00e3os, especialmente o mais novo, \u00e9 que ficariam na frente. Mas eles sa\u00edram, e para mim acabou sendo uma excelente desculpa para jogar videogame com os meus amigos, porque eu podia dizer que era trabalho\u201d, disse ele, que completou: \u201cNo in\u00edcio, como \u00e9ramos eu e meus dois irm\u00e3os, o canal se chamava \u2018Tr\u00eas Coelhos\u2019, por causa do meu sobrenome. Esse nome \u00e9 horr\u00edvel, mas ficou mesmo depois de eles sa\u00edrem. Eu falo muito palavr\u00e3o, ent\u00e3o a galera fazia uns perfis fakes\u2026 Fizeram um meu que, em vez de Tr\u00eas Coelhos, era Tr\u00eas C*, e a\u00ed virou 3K\u201c.<\/p>\n<p>Por sua vez, F\u00e1bio Rabin relembrou quando foi detido durante a Copa do Mundo do Catar.\u00a0\u201cO Catar \u00e9 um pa\u00eds muito restrito, n\u00e3o pode nem beber muito. Os bares ficam todos dentro dos hot\u00e9is, e a gente conseguiu fazer festa open bar para a torcida brasileira. Fazia 15 anos que eu n\u00e3o viajava sem a minha esposa. O jogo era \u00e0s 20h, e eu comecei a beber \u00e0s 10h. Bebi demais\u201c, afirmou.<\/p>\n<p>Por fim, M\u00e1rcio Victor contou sobre seu novo audiovisual. \u201cReunimos o pagod\u00e3o raiz, aquele que convida a fam\u00edlia para dan\u00e7ar. Chamamos uma turma de influencers e convidados, como o Xanddy do Harmonia do Samba, o Kann\u00e1rio e alguns cantores de pagode que estavam desde o come\u00e7o, mas n\u00e3o tinham tanta visibilidade. Ficou muito bom\u201d, afirmou.<\/p>\n<p>O Sabadou com Virg\u00ednia vai ao ar neste s\u00e1bado, 22 de novembro, a partir das 22h15 (de Bras\u00edlia), no SBT.<\/p>\n<p><strong>Leia tamb\u00e9m:<\/strong> <a href=\"https:\/\/caras.com.br\/atualidades\/ciumenta-virginia-reage-ao-ver-foto-de-vini-jr-sem-camisa.phtml\" rel=\"nofollow noopener\" target=\"_blank\">Ciumenta? Virginia reage ao ver foto de Vini Jr sem camisa<\/a><\/p>\n<p>        <a href=\"https:\/\/caras.com.br\/autor\/priscilla-comoti\" rel=\"nofollow noopener\" target=\"_blank\">&#13;<br \/>\n          <img alt=\"Priscilla Comoti\" src=\"https:\/\/www.europesays.com\/pt\/wp-content\/uploads\/2025\/11\/1763820500_174_e53883bdf02c542f6517b68879e8cb08b27a1d55c4dfd53577e47d3ab6331a06\"  class=\"avatar avatar-115 photo rounded-circle mr-3\" height=\"115\" width=\"115\" loading=\"lazy\" decoding=\"async\"\/>        <\/a><\/p>\n<p>Priscilla Comoti \u00e9 editora de conte\u00fado do site CARAS. Ela \u00e9 formada em jornalismo e em audiovisual, j\u00e1 passou pelos sites Contigo!, Minha Novela, TiTiTi, Mais Novela e Portal M\u00e1rcia Piovesan. Escreve sobre celebridades, not\u00edcias sobre a fam\u00edlia real brit\u00e2nica, TV, reality show e novelas.<\/p>\n","protected":false},"excerpt":{"rendered":"A influenciadora digital Virginia Fonseca usou um acess\u00f3rio inusitado durante a grava\u00e7\u00e3o do programa Sabadou com Virginia, no&hellip;\n","protected":false},"author":2,"featured_media":161180,"comment_status":"","ping_status":"","sticky":false,"template":"","format":"standard","meta":{"footnotes":""},"categories":[145],"tags":[211,210,114,115,32,33,34231,936,3126,973,1446],"class_list":{"0":"post-161179","1":"post","2":"type-post","3":"status-publish","4":"format-standard","5":"has-post-thumbnail","7":"category-celebridades","8":"tag-celebridades","9":"tag-celebrities","10":"tag-entertainment","11":"tag-entretenimento","12":"tag-portugal","13":"tag-pt","14":"tag-sabadou","15":"tag-sbt","16":"tag-vini-jr","17":"tag-virginia","18":"tag-virginia-fonseca"},"share_on_mastodon":{"url":"https:\/\/pubeurope.com\/@pt\/115593747409255998","error":""},"_links":{"self":[{"href":"https:\/\/www.europesays.com\/pt\/wp-json\/wp\/v2\/posts\/161179","targetHints":{"allow":["GET"]}}],"collection":[{"href":"https:\/\/www.europesays.com\/pt\/wp-json\/wp\/v2\/posts"}],"about":[{"href":"https:\/\/www.europesays.com\/pt\/wp-json\/wp\/v2\/types\/post"}],"author":[{"embeddable":true,"href":"https:\/\/www.europesays.com\/pt\/wp-json\/wp\/v2\/users\/2"}],"replies":[{"embeddable":true,"href":"https:\/\/www.europesays.com\/pt\/wp-json\/wp\/v2\/comments?post=161179"}],"version-history":[{"count":0,"href":"https:\/\/www.europesays.com\/pt\/wp-json\/wp\/v2\/posts\/161179\/revisions"}],"wp:featuredmedia":[{"embeddable":true,"href":"https:\/\/www.europesays.com\/pt\/wp-json\/wp\/v2\/media\/161180"}],"wp:attachment":[{"href":"https:\/\/www.europesays.com\/pt\/wp-json\/wp\/v2\/media?parent=161179"}],"wp:term":[{"taxonomy":"category","embeddable":true,"href":"https:\/\/www.europesays.com\/pt\/wp-json\/wp\/v2\/categories?post=161179"},{"taxonomy":"post_tag","embeddable":true,"href":"https:\/\/www.europesays.com\/pt\/wp-json\/wp\/v2\/tags?post=161179"}],"curies":[{"name":"wp","href":"https:\/\/api.w.org\/{rel}","templated":true}]}}