{"id":161187,"date":"2025-11-22T14:22:22","date_gmt":"2025-11-22T14:22:22","guid":{"rendered":"https:\/\/www.europesays.com\/pt\/161187\/"},"modified":"2025-11-22T14:22:22","modified_gmt":"2025-11-22T14:22:22","slug":"virginia-fonseca-supera-victoria-beckham-e-lidera-ranking-de-wag-mais-rica-do-mundo-tribuna-online","status":"publish","type":"post","link":"https:\/\/www.europesays.com\/pt\/161187\/","title":{"rendered":"Virginia Fonseca supera Victoria Beckham e lidera ranking de WAG mais rica do mundo | Tribuna Online"},"content":{"rendered":"<p>&#13;<br \/>\n                            &#13;<br \/>\n                                &#13;<br \/>\n&#13;<br \/>\n&#13;<br \/>\n&#13;<br \/>\n&#13;<br \/>\n&#13;<br \/>\n&#13;<br \/>\n&#13;<br \/>\n    &#13;<br \/>\n&#13;<br \/>\n    &#13;<br \/>\n        &#13;<br \/>\n    &#13;<br \/>\n&#13;<br \/>\n    &#13;<br \/>\n\t&#13;<br \/>\n\t&#13;<br \/>\n&#13;<br \/>\n\t&#13;<br \/>\n&#13;<br \/>\n\t&#13;<br \/>\n\t\t&#13;<br \/>\n\t\t\t&#13;<br \/>\n\t\t\t&#13;<br \/>\n\t\t&#13;<br \/>\n\t&#13;<br \/>\n &#13;<br \/>\n\t&#13;<br \/>\n\t\t&#13;<br \/>\n\t\t&#13;<br \/>\n\t\t<img decoding=\"async\" fetchpriority=\"high\" class=\"lozad\" src=\"https:\/\/www.europesays.com\/pt\/wp-content\/uploads\/2025\/11\/Virginia-Fonseca-e-parada-na-imigracao-da-China-po0024510800202506201817-7.webp\" alt=\"Imagem ilustrativa da imagem Virginia Fonseca supera Victoria Beckham e lidera ranking de WAG mais rica do mundo\"\/>&#13;<br \/>\n\t&#13;<br \/>\n&#13;<br \/>\n\t&#13;<\/p>\n<p>&#13;<br \/>\n\t\t\t&#13;<br \/>\n\t\t\t\t&#13;<br \/>\n\t\t\t\t\tVirginia Fonseca namora com o atacante Vini Jr.&#13;<br \/>\n\t\t\t\t&#13;<br \/>\n\t\t\t&#13;<br \/>\n\t\t\t&#13;<br \/>\n\t\t\t\t&#13;<br \/>\n\t\t\t\t\t| \u00a0Foto:&#13;<br \/>\n\t\t\t\t\tReprodu\u00e7\u00e3o \/ Redes Sociais&#13;<br \/>\n\t\t\t\t&#13;<br \/>\n\t\t\t&#13;\n\t\t<\/p>\n<p>&#13;<br \/>\n\t&#13;<br \/>\n\t&#13;<br \/>\n&#13;<br \/>\n&#13;<br \/>\n    &#13;<br \/>\n    &#13;<br \/>\n        &#13;<br \/>\n        &#13;<br \/>\n    &#13;<br \/>\n&#13;<br \/>\n&#13;<br \/>\n    &#13;<br \/>\n&#13;<br \/>\n    &#13;<br \/>\n        &#13;<br \/>\n    &#13;<br \/>\n&#13;<\/p>\n<p>Virginia Fonseca acaba de assumir um novo posto: o de WAG mais rica do mundo, t\u00edtulo dado \u00e0s esposas e namoradas de atletas. A influencer e empres\u00e1ria, que mant\u00e9m relacionamento com Vinicius Junior, estrela do Real Madrid, foi apontada pelo site Glam Set &amp; Match como a l\u00edder de um ranking global que re\u00fane figuras conhecidas do entretenimento, da moda e do esporte.<\/p>\n<p>&#13;<br \/>\n&#13;<br \/>\n    &#13;<br \/>\n    &#13;<br \/>\n        &#13;<br \/>\n            &#13;<br \/>\n            &#13;<\/p>\n<p>&#13;<br \/>\n                Continue Lendo&#13;\n            <\/p>\n<p>&#13;<br \/>\n        &#13;<br \/>\n        &#13;<br \/>\n    &#13;<br \/>\n&#13;<br \/>\n&#13;<br \/>\n    &#13;<br \/>\n&#13;<br \/>\n    &#13;<br \/>\n        &#13;<br \/>\n    &#13;<br \/>\n&#13;<\/p>\n<p>Com patrim\u00f4nio estimado em US$ 78 milh\u00f5es (cerca de R$ 415 milh\u00f5es), Virginia ultrapassa nomes j\u00e1 consolidados, como Victoria Beckham, que aparece em segundo lugar, al\u00e9m de Anna Lewandowska e Antonela Roccuzzo, respectivamente casadas com Robert Lewandowski e Lionel Messi.<\/p>\n<p>&#13;<br \/>\n&#13;<br \/>\n    &#13;<br \/>\n    &#13;<br \/>\n        &#13;<br \/>\n        &#13;<br \/>\n            &#13;<br \/>\n                &#13;<br \/>\n                &#13;<br \/>\n                &#13;<br \/>\n                &#13;<br \/>\n            &#13;<br \/>\n        &#13;<br \/>\n    &#13;<br \/>\n&#13;<br \/>\n&#13;<br \/>\n    &#13;<br \/>\n&#13;<br \/>\n    &#13;<br \/>\n        &#13;<br \/>\n    &#13;<br \/>\n&#13;<\/p>\n<p>A presen\u00e7a da brasileira no topo consolida o alcance de sua marca pessoal e a dimens\u00e3o comercial que ela construiu nos \u00faltimos anos.<\/p>\n<p>&#13;<br \/>\n&#13;<br \/>\n    &#13;<br \/>\n    &#13;<br \/>\n        &#13;<br \/>\n        &#13;<br \/>\n            &#13;<br \/>\n                &#13;<br \/>\n                &#13;<br \/>\n                &#13;<br \/>\n            &#13;<br \/>\n        &#13;<br \/>\n    &#13;<br \/>\n&#13;<br \/>\n&#13;<br \/>\n    &#13;<br \/>\n&#13;<br \/>\n    &#13;<br \/>\n        &#13;<br \/>\n    &#13;<br \/>\n&#13;<\/p>\n<p>A influencer \u00e9 hoje um dos maiores fen\u00f4menos de audi\u00eancia do pa\u00eds: segundo levantamento da Comscore, divulgado em mar\u00e7o, Virginia acumula mais de 815 milh\u00f5es de intera\u00e7\u00f5es, sendo a figura de maior influ\u00eancia digital no Brasil. <\/p>\n<p>&#13;<br \/>\n&#13;<br \/>\n    &#13;<br \/>\n    &#13;<br \/>\n        &#13;<br \/>\n        &#13;<br \/>\n            &#13;<br \/>\n                &#13;<br \/>\n                &#13;<br \/>\n                &#13;<br \/>\n            &#13;<br \/>\n        &#13;<br \/>\n    &#13;<br \/>\n&#13;<br \/>\n&#13;<br \/>\n    &#13;<br \/>\n&#13;<br \/>\n    &#13;<br \/>\n        &#13;<br \/>\n    &#13;<br \/>\n&#13;<\/p>\n<p>A visibilidade sustenta uma rede de neg\u00f3cios que inclui produtos de m\u00eddia, conte\u00fados patrocinados e sua linha de cosm\u00e9ticos, que virou uma das principais fontes de receita.<\/p>\n<p>&#13;<br \/>\n&#13;<br \/>\n    &#13;<br \/>\n    &#13;<br \/>\n        &#13;<br \/>\n        &#13;<br \/>\n    &#13;<br \/>\n&#13;<br \/>\n&#13;<br \/>\n    &#13;<br \/>\n&#13;<br \/>\n    &#13;<br \/>\n        &#13;<br \/>\n    &#13;<br \/>\n&#13;<\/p>\n<p>O estilo de vida luxuoso tamb\u00e9m chama aten\u00e7\u00e3o dos seguidores. A mans\u00e3o em Goi\u00e2nia \u2014comparada por f\u00e3s a um shopping pela estrutura e tamanho\u2014 re\u00fane est\u00fadios, \u00e1reas de lazer e ambientes de alto padr\u00e3o. <\/p>\n<p>&#13;<br \/>\n&#13;<br \/>\n    &#13;<br \/>\n    &#13;<br \/>\n        &#13;<br \/>\n        &#13;<br \/>\n            &#13;<br \/>\n                &#13;<br \/>\n                &#13;<br \/>\n                &#13;<br \/>\n                &#13;<br \/>\n                &#13;<br \/>\n            &#13;<br \/>\n        &#13;<br \/>\n    &#13;<br \/>\n&#13;<br \/>\n&#13;<br \/>\n    &#13;<br \/>\n&#13;<br \/>\n    &#13;<br \/>\n        &#13;<br \/>\n    &#13;<br \/>\n&#13;<\/p>\n<p>O im\u00f3vel foi constru\u00eddo durante seu casamento com Z\u00e9 Felipe. J\u00e1 a casa em Mangaratiba, no litoral do Rio, avaliada em R$ 27 milh\u00f5es, aparece com frequ\u00eancia nos v\u00eddeos da influencer.<\/p>\n<p>&#13;<br \/>\n&#13;<br \/>\n    &#13;<br \/>\n    &#13;<br \/>\n        &#13;<br \/>\n        &#13;<br \/>\n    &#13;<br \/>\n&#13;<br \/>\n&#13;<br \/>\n    &#13;<br \/>\n&#13;<br \/>\n    &#13;<br \/>\n        &#13;<br \/>\n    &#13;<br \/>\n&#13;<\/p>\n<p>Outro s\u00edmbolo da fase financeira \u00e9 o jatinho particular, um Cessna Citation Sovereign, avaliado entre R$ 23 milh\u00f5es e R$ 29 milh\u00f5es. A aeronave leva as iniciais de Virginia e dos filhos: PS-MZV.<\/p>\n<p>&#13;<br \/>\n&#13;<br \/>\n    &#13;<br \/>\n    &#13;<br \/>\n        &#13;<br \/>\n        &#13;<br \/>\n            &#13;<br \/>\n                &#13;<br \/>\n                &#13;<br \/>\n                &#13;<br \/>\n            &#13;<br \/>\n        &#13;<br \/>\n    &#13;<br \/>\n&#13;<br \/>\n&#13;<br \/>\n    &#13;<br \/>\n&#13;<br \/>\n    &#13;<br \/>\n&#13;<br \/>\n    RANKING COMPLETO DIVULGADO PELA GLAM SET &amp; MATCH:&#13;<br \/>\n&#13;<br \/>\n    &#13;<br \/>\n    &#13;<br \/>\n&#13;<br \/>\n&#13;<br \/>\n    &#13;<br \/>\n&#13;<br \/>\n    &#13;<br \/>\n        &#13;<br \/>\n    &#13;<br \/>\n&#13;<\/p>\n<p>1. Virginia Fonseca \u2014 US$ 78 milh\u00f5es<\/p>\n<p>&#13;<br \/>\n&#13;<br \/>\n    &#13;<br \/>\n    &#13;<br \/>\n        &#13;<br \/>\n        &#13;<br \/>\n            &#13;<br \/>\n                &#13;<br \/>\n                &#13;<br \/>\n                &#13;<br \/>\n            &#13;<br \/>\n        &#13;<br \/>\n    &#13;<br \/>\n&#13;<br \/>\n&#13;<br \/>\n    &#13;<br \/>\n&#13;<br \/>\n    &#13;<br \/>\n        &#13;<br \/>\n    &#13;<br \/>\n&#13;<\/p>\n<p>Namorada de Vinicius Junior<\/p>\n<p>&#13;<br \/>\n&#13;<br \/>\n    &#13;<br \/>\n    &#13;<br \/>\n        &#13;<br \/>\n        &#13;<br \/>\n    &#13;<br \/>\n&#13;<br \/>\n&#13;<br \/>\n    &#13;<br \/>\n&#13;<br \/>\n    &#13;<br \/>\n        &#13;<br \/>\n    &#13;<br \/>\n&#13;<\/p>\n<p>2. Victoria Beckham \u2014 US$ 70 milh\u00f5es<\/p>\n<p>&#13;<br \/>\n&#13;<br \/>\n    &#13;<br \/>\n    &#13;<br \/>\n        &#13;<br \/>\n        &#13;<br \/>\n    &#13;<br \/>\n&#13;<br \/>\n&#13;<br \/>\n    &#13;<br \/>\n&#13;<br \/>\n    &#13;<br \/>\n        &#13;<br \/>\n    &#13;<br \/>\n&#13;<\/p>\n<p>C\u00f4njuge de David Beckham<\/p>\n<p>&#13;<br \/>\n&#13;<br \/>\n    &#13;<br \/>\n    &#13;<br \/>\n        &#13;<br \/>\n        &#13;<br \/>\n            &#13;<br \/>\n                &#13;<br \/>\n                &#13;<br \/>\n                &#13;<br \/>\n            &#13;<br \/>\n        &#13;<br \/>\n    &#13;<br \/>\n&#13;<br \/>\n&#13;<br \/>\n    &#13;<br \/>\n&#13;<br \/>\n    &#13;<br \/>\n        &#13;<br \/>\n    &#13;<br \/>\n&#13;<\/p>\n<p>3. Anna Lewandowska \u2014 US$ 63 milh\u00f5es<\/p>\n<p>&#13;<br \/>\n&#13;<br \/>\n    &#13;<br \/>\n    &#13;<br \/>\n        &#13;<br \/>\n        &#13;<br \/>\n    &#13;<br \/>\n&#13;<br \/>\n&#13;<br \/>\n    &#13;<br \/>\n&#13;<br \/>\n    &#13;<br \/>\n        &#13;<br \/>\n    &#13;<br \/>\n&#13;<\/p>\n<p>C\u00f4njuge de Robert Lewandowski<\/p>\n<p>&#13;<br \/>\n&#13;<br \/>\n    &#13;<br \/>\n    &#13;<br \/>\n        &#13;<br \/>\n        &#13;<br \/>\n    &#13;<br \/>\n&#13;<br \/>\n&#13;<br \/>\n    &#13;<br \/>\n&#13;<br \/>\n    &#13;<br \/>\n        &#13;<br \/>\n    &#13;<br \/>\n&#13;<\/p>\n<p>4. Leigh-Anne Pinnock \u2014 US$ 27 milh\u00f5es<\/p>\n<p>&#13;<br \/>\n&#13;<br \/>\n    &#13;<br \/>\n    &#13;<br \/>\n        &#13;<br \/>\n        &#13;<br \/>\n    &#13;<br \/>\n&#13;<br \/>\n&#13;<br \/>\n    &#13;<br \/>\n&#13;<br \/>\n    &#13;<br \/>\n        &#13;<br \/>\n    &#13;<br \/>\n&#13;<\/p>\n<p>C\u00f4njuge de Andre Gray<\/p>\n<p>&#13;<br \/>\n&#13;<br \/>\n    &#13;<br \/>\n    &#13;<br \/>\n        &#13;<br \/>\n        &#13;<br \/>\n    &#13;<br \/>\n&#13;<br \/>\n&#13;<br \/>\n    &#13;<br \/>\n&#13;<br \/>\n    &#13;<br \/>\n        &#13;<br \/>\n    &#13;<br \/>\n&#13;<\/p>\n<p>5. Sloane Stephens \u2014 US$ 20 milh\u00f5es<\/p>\n<p>&#13;<br \/>\n&#13;<br \/>\n    &#13;<br \/>\n    &#13;<br \/>\n        &#13;<br \/>\n        &#13;<br \/>\n    &#13;<br \/>\n&#13;<br \/>\n&#13;<br \/>\n    &#13;<br \/>\n&#13;<br \/>\n    &#13;<br \/>\n        &#13;<br \/>\n    &#13;<br \/>\n&#13;<\/p>\n<p>C\u00f4njuge de Jozy Altidore<\/p>\n<p>&#13;<br \/>\n&#13;<br \/>\n    &#13;<br \/>\n    &#13;<br \/>\n        &#13;<br \/>\n        &#13;<br \/>\n    &#13;<br \/>\n&#13;<br \/>\n&#13;<br \/>\n    &#13;<br \/>\n&#13;<br \/>\n    &#13;<br \/>\n        &#13;<br \/>\n    &#13;<br \/>\n&#13;<\/p>\n<p>5. Antonela Roccuzzo \u2014 US$ 20 milh\u00f5es<\/p>\n<p>&#13;<br \/>\n&#13;<br \/>\n    &#13;<br \/>\n    &#13;<br \/>\n        &#13;<br \/>\n        &#13;<br \/>\n    &#13;<br \/>\n&#13;<br \/>\n&#13;<br \/>\n    &#13;<br \/>\n&#13;<br \/>\n    &#13;<br \/>\n        &#13;<br \/>\n    &#13;<br \/>\n&#13;<\/p>\n<p>C\u00f4njuge de Lionel Messi<\/p>\n<p>&#13;<br \/>\n&#13;<br \/>\n    &#13;<br \/>\n    &#13;<br \/>\n        &#13;<br \/>\n        &#13;<br \/>\n    &#13;<br \/>\n&#13;<br \/>\n&#13;<br \/>\n    &#13;<br \/>\n&#13;<br \/>\n    &#13;<br \/>\n        &#13;<br \/>\n    &#13;<br \/>\n&#13;<\/p>\n<p>5. Perrie Edwards \u2014 US$ 20 milh\u00f5es<\/p>\n<p>&#13;<br \/>\n&#13;<br \/>\n    &#13;<br \/>\n    &#13;<br \/>\n        &#13;<br \/>\n        &#13;<br \/>\n    &#13;<br \/>\n&#13;<br \/>\n&#13;<br \/>\n    &#13;<br \/>\n&#13;<br \/>\n    &#13;<br \/>\n        &#13;<br \/>\n    &#13;<br \/>\n&#13;<\/p>\n<p>C\u00f4njuge de Alex Oxlade-Chamberlain<\/p>\n<p>&#13;<br \/>\n&#13;<br \/>\n    &#13;<br \/>\n    &#13;<br \/>\n        &#13;<br \/>\n        &#13;<br \/>\n    &#13;<br \/>\n&#13;<br \/>\n&#13;<br \/>\n    &#13;<br \/>\n&#13;<br \/>\n    &#13;<br \/>\n        &#13;<br \/>\n    &#13;<br \/>\n&#13;<\/p>\n<p>8. Coleen Rooney \u2014 US$ 19 milh\u00f5es<\/p>\n<p>&#13;<br \/>\n&#13;<br \/>\n    &#13;<br \/>\n    &#13;<br \/>\n        &#13;<br \/>\n        &#13;<br \/>\n    &#13;<br \/>\n&#13;<br \/>\n&#13;<br \/>\n    &#13;<br \/>\n&#13;<br \/>\n    &#13;<br \/>\n        &#13;<br \/>\n    &#13;<br \/>\n&#13;<\/p>\n<p>C\u00f4njuge de Wayne Rooney<\/p>\n<p>&#13;<br \/>\n&#13;<br \/>\n    &#13;<br \/>\n    &#13;<br \/>\n        &#13;<br \/>\n        &#13;<br \/>\n    &#13;<br \/>\n&#13;<br \/>\n&#13;<br \/>\n    &#13;<br \/>\n&#13;<br \/>\n    &#13;<br \/>\n        &#13;<br \/>\n    &#13;<br \/>\n&#13;<\/p>\n<p>9. Becky G \u2014 US$ 17 milh\u00f5es<\/p>\n<p>&#13;<br \/>\n&#13;<br \/>\n    &#13;<br \/>\n    &#13;<br \/>\n        &#13;<br \/>\n        &#13;<br \/>\n    &#13;<br \/>\n&#13;<br \/>\n&#13;<br \/>\n    &#13;<br \/>\n&#13;<br \/>\n    &#13;<br \/>\n        &#13;<br \/>\n    &#13;<br \/>\n&#13;<\/p>\n<p>Parceira de Sebastian Lletget<\/p>\n<p>&#13;<br \/>\n&#13;<br \/>\n    &#13;<br \/>\n    &#13;<br \/>\n        &#13;<br \/>\n        &#13;<br \/>\n    &#13;<br \/>\n&#13;<br \/>\n&#13;<br \/>\n    &#13;<br \/>\n&#13;<br \/>\n    &#13;<br \/>\n        &#13;<br \/>\n    &#13;<br \/>\n&#13;<\/p>\n<p>10. Christine Lampard \u2014 US$ 13 milh\u00f5es<\/p>\n<p>&#13;<br \/>\n&#13;<br \/>\n    &#13;<br \/>\n    &#13;<br \/>\n        &#13;<br \/>\n        &#13;<br \/>\n    &#13;<br \/>\n&#13;<br \/>\n&#13;<br \/>\n    &#13;<br \/>\n&#13;<br \/>\n    &#13;<br \/>\n        &#13;<br \/>\n    &#13;<br \/>\n&#13;<\/p>\n<p>C\u00f4njuge de Frank Lampard<\/p>\n<p>&#13;<br \/>\n&#13;<br \/>\n    &#13;<br \/>\n    &#13;<br \/>\n        &#13;<br \/>\n        &#13;<br \/>\n    &#13;<br \/>\n&#13;<br \/>\n&#13;<br \/>\n    &#13;<br \/>\n&#13;<br \/>\n    &#13;<br \/>\n        &#13;<br \/>\n    &#13;<br \/>\n&#13;<br \/>\n    &#13;<br \/>\n          MAT\u00c9RIAS RELACIONADAS:&#13;<br \/>\n          &#13;<br \/>\n            &#13;<br \/>\n              &#13;<br \/>\n              &#13;<br \/>\n                  &#13;<br \/>\n                  &#13;<br \/>\n                  &#13;<br \/>\n                      <a style=\"border-radius: unset !important; text-decoration: none;\" href=\"https:\/\/tribunaonline.com.br\/entretenimento\/famosos\/filha-de-bruce-willis-diz-que-as-vezes-nao-e-reconhecida-pelo-ator-282468\" class=\"mw-link-decoration chamadaDestaque-wrapper chamadaDestaque-link\" rel=\"nofollow noopener\" target=\"_blank\">&#13;<br \/>\n                          <img decoding=\"async\" loading=\"lazy\" class=\"lozad\" src=\"https:\/\/www.europesays.com\/pt\/wp-content\/uploads\/2025\/11\/ProportionalFillBackground-2.webp\" style=\"height: 135px !important; width: 160px !important;\" alt=\"Virginia Fonseca namora com o atacante Vini Jr.\"\/>&#13;<br \/>\n                      <\/a>&#13;<br \/>\n                  &#13;<\/p>\n<p>                      <a style=\"border-radius: unset !important; max-width: 195px; max-height: 140px; text-decoration: none;\" href=\"https:\/\/tribunaonline.com.br\/entretenimento\/famosos\/filha-de-bruce-willis-diz-que-as-vezes-nao-e-reconhecida-pelo-ator-282468\" class=\"mw-link-decoration chamadaDestaque-wrapper chamadaDestaque-link\" rel=\"nofollow noopener\" target=\"_blank\">&#13;<br \/>\n                          &#13;<br \/>\n                          FAMOSOS&#13;<br \/>\n                          &#13;<\/p>\n<p>&#13;<br \/>\n                              &#13;<br \/>\n                                  Filha de Bruce Willis diz que \u00e0s vezes n\u00e3o \u00e9 reconhecida pelo ator&#13;<br \/>\n                              &#13;\n                          <\/p>\n<p>&#13;<br \/>\n                      <\/a><br \/>\n                  &#13;<br \/>\n              &#13;<br \/>\n            &#13;<br \/>\n              &#13;<br \/>\n              &#13;<br \/>\n                  &#13;<br \/>\n                  &#13;<br \/>\n                  &#13;<br \/>\n                      <a style=\"border-radius: unset !important; text-decoration: none;\" href=\"https:\/\/tribunaonline.com.br\/entretenimento\/famosos\/kevin-spacey-diz-estar-sem-casa-e-morando-em-hoteis-282465\" class=\"mw-link-decoration chamadaDestaque-wrapper chamadaDestaque-link\" rel=\"nofollow noopener\" target=\"_blank\">&#13;<br \/>\n                          <img decoding=\"async\" loading=\"lazy\" class=\"lozad\" src=\"https:\/\/www.europesays.com\/pt\/wp-content\/uploads\/2025\/11\/1763821341_469_ProportionalFillBackground-2.webp\" style=\"height: 135px !important; width: 160px !important;\" alt=\"Virginia Fonseca namora com o atacante Vini Jr.\"\/>&#13;<br \/>\n                      <\/a>&#13;<br \/>\n                  &#13;<\/p>\n<p>                      <a style=\"border-radius: unset !important; max-width: 195px; max-height: 140px; text-decoration: none;\" href=\"https:\/\/tribunaonline.com.br\/entretenimento\/famosos\/kevin-spacey-diz-estar-sem-casa-e-morando-em-hoteis-282465\" class=\"mw-link-decoration chamadaDestaque-wrapper chamadaDestaque-link\" rel=\"nofollow noopener\" target=\"_blank\">&#13;<br \/>\n                          &#13;<br \/>\n                          FAMOSOS&#13;<br \/>\n                          &#13;<\/p>\n<p>&#13;<br \/>\n                              &#13;<br \/>\n                                  Kevin Spacey diz estar sem casa e &#8216;morando em hot\u00e9is&#8217;&#13;<br \/>\n                              &#13;\n                          <\/p>\n<p>&#13;<br \/>\n                      <\/a><br \/>\n                  &#13;<br \/>\n              &#13;<br \/>\n            &#13;<br \/>\n              &#13;<br \/>\n              &#13;<br \/>\n                  &#13;<br \/>\n                  &#13;<br \/>\n                  &#13;<br \/>\n                      <a style=\"border-radius: unset !important; text-decoration: none;\" href=\"https:\/\/tribunaonline.com.br\/entretenimento\/famosos\/lady-gaga-revela-que-sofreu-um-surto-psicotico-durante-turne-282324\" class=\"mw-link-decoration chamadaDestaque-wrapper chamadaDestaque-link\" rel=\"nofollow noopener\" target=\"_blank\">&#13;<br \/>\n                          <img decoding=\"async\" loading=\"lazy\" class=\"lozad\" src=\"https:\/\/www.europesays.com\/pt\/wp-content\/uploads\/2025\/11\/1763821341_349_ProportionalFillBackground-2.webp\" style=\"height: 135px !important; width: 160px !important;\" alt=\"Virginia Fonseca namora com o atacante Vini Jr.\"\/>&#13;<br \/>\n                      <\/a>&#13;<br \/>\n                  &#13;<\/p>\n<p>                      <a style=\"border-radius: unset !important; max-width: 195px; max-height: 140px; text-decoration: none;\" href=\"https:\/\/tribunaonline.com.br\/entretenimento\/famosos\/lady-gaga-revela-que-sofreu-um-surto-psicotico-durante-turne-282324\" class=\"mw-link-decoration chamadaDestaque-wrapper chamadaDestaque-link\" rel=\"nofollow noopener\" target=\"_blank\">&#13;<br \/>\n                          &#13;<br \/>\n                          FAMOSOS&#13;<br \/>\n                          &#13;<\/p>\n<p>&#13;<br \/>\n                              &#13;<br \/>\n                                  Lady Gaga revela que sofreu um surto psic\u00f3tico durante turn\u00ea&#13;<br \/>\n                              &#13;\n                          <\/p>\n<p>&#13;<br \/>\n                      <\/a><br \/>\n                  &#13;<br \/>\n              &#13;<br \/>\n            &#13;<br \/>\n              &#13;<br \/>\n              &#13;<br \/>\n                  &#13;<br \/>\n                  &#13;<br \/>\n                  &#13;<br \/>\n                      <a style=\"border-radius: unset !important; text-decoration: none;\" href=\"https:\/\/tribunaonline.com.br\/entretenimento\/famosos\/apos-ser-baleado-vittor-fernando-nega-ter-sido-alvo-de-execucao-282450\" class=\"mw-link-decoration chamadaDestaque-wrapper chamadaDestaque-link\" rel=\"nofollow noopener\" target=\"_blank\">&#13;<br \/>\n                          <img decoding=\"async\" loading=\"lazy\" class=\"lozad\" src=\"https:\/\/www.europesays.com\/pt\/wp-content\/uploads\/2025\/11\/1763821342_35_ProportionalFillBackground-2.webp\" style=\"height: 135px !important; width: 160px !important;\" alt=\"Virginia Fonseca namora com o atacante Vini Jr.\"\/>&#13;<br \/>\n                      <\/a>&#13;<br \/>\n                  &#13;<\/p>\n<p>                      <a style=\"border-radius: unset !important; max-width: 195px; max-height: 140px; text-decoration: none;\" href=\"https:\/\/tribunaonline.com.br\/entretenimento\/famosos\/apos-ser-baleado-vittor-fernando-nega-ter-sido-alvo-de-execucao-282450\" class=\"mw-link-decoration chamadaDestaque-wrapper chamadaDestaque-link\" rel=\"nofollow noopener\" target=\"_blank\">&#13;<br \/>\n                          &#13;<br \/>\n                          FAMOSOS&#13;<br \/>\n                          &#13;<\/p>\n<p>&#13;<br \/>\n                              &#13;<br \/>\n                                  Ap\u00f3s ser baleado, Vittor Fernando nega ter sido alvo de execu\u00e7\u00e3o&#13;<br \/>\n                              &#13;\n                          <\/p>\n<p>&#13;<br \/>\n                      <\/a><br \/>\n                  &#13;<br \/>\n              &#13;<br \/>\n            &#13;<br \/>\n          &#13;<br \/>\n        &#13;<br \/>\n&#13;<br \/>\n    &#13;<br \/>\n    &#13;<br \/>\n        &#13;<br \/>\n        &#13;<br \/>\n    &#13;<br \/>\n&#13;<br \/>\n&#13;<br \/>\n    &#13;<br \/>\n&#13;<br \/>\n    &#13;<br \/>\n&#13;<br \/>\n    &#13;<br \/>\n        &#13;<br \/>\n&#13;<br \/>\n    &#13;<br \/>\n    &#13;<br \/>\n&#13;<br \/>\n&#13;<br \/>\n    &#13;<br \/>\n&#13;<br \/>\n    &#13;<br \/>\n&#13;<br \/>\n    &#13;<br \/>\n&#13;<br \/>\n    &#13;<br \/>\n    &#13;<br \/>\n&#13;<br \/>\n&#13;<br \/>\n                                &#13;<br \/>\n&#13;<\/p>\n","protected":false},"excerpt":{"rendered":"&#13; &#13; &#13; &#13; &#13; &#13; &#13; &#13; &#13; &#13; &#13; &#13; &#13; &#13; &#13; &#13; &#13; &#13;&hellip;\n","protected":false},"author":2,"featured_media":161188,"comment_status":"","ping_status":"","sticky":false,"template":"","format":"standard","meta":{"footnotes":""},"categories":[145],"tags":[211,210,114,115,34232,34233,34234,32,33,15529,1446,34235],"class_list":{"0":"post-161187","1":"post","2":"type-post","3":"status-publish","4":"format-standard","5":"has-post-thumbnail","7":"category-celebridades","8":"tag-celebridades","9":"tag-celebrities","10":"tag-entertainment","11":"tag-entretenimento","12":"tag-estilo-de-vida-luxuoso","13":"tag-influencer-brasileira","14":"tag-patrimnio-de-virginia","15":"tag-portugal","16":"tag-pt","17":"tag-vinicius-junior","18":"tag-virginia-fonseca","19":"tag-wag-mais-rica-do-mundo"},"share_on_mastodon":{"url":"https:\/\/pubeurope.com\/@pt\/115593802548697560","error":""},"_links":{"self":[{"href":"https:\/\/www.europesays.com\/pt\/wp-json\/wp\/v2\/posts\/161187","targetHints":{"allow":["GET"]}}],"collection":[{"href":"https:\/\/www.europesays.com\/pt\/wp-json\/wp\/v2\/posts"}],"about":[{"href":"https:\/\/www.europesays.com\/pt\/wp-json\/wp\/v2\/types\/post"}],"author":[{"embeddable":true,"href":"https:\/\/www.europesays.com\/pt\/wp-json\/wp\/v2\/users\/2"}],"replies":[{"embeddable":true,"href":"https:\/\/www.europesays.com\/pt\/wp-json\/wp\/v2\/comments?post=161187"}],"version-history":[{"count":0,"href":"https:\/\/www.europesays.com\/pt\/wp-json\/wp\/v2\/posts\/161187\/revisions"}],"wp:featuredmedia":[{"embeddable":true,"href":"https:\/\/www.europesays.com\/pt\/wp-json\/wp\/v2\/media\/161188"}],"wp:attachment":[{"href":"https:\/\/www.europesays.com\/pt\/wp-json\/wp\/v2\/media?parent=161187"}],"wp:term":[{"taxonomy":"category","embeddable":true,"href":"https:\/\/www.europesays.com\/pt\/wp-json\/wp\/v2\/categories?post=161187"},{"taxonomy":"post_tag","embeddable":true,"href":"https:\/\/www.europesays.com\/pt\/wp-json\/wp\/v2\/tags?post=161187"}],"curies":[{"name":"wp","href":"https:\/\/api.w.org\/{rel}","templated":true}]}}