{"id":161195,"date":"2025-11-22T14:37:19","date_gmt":"2025-11-22T14:37:19","guid":{"rendered":"https:\/\/www.europesays.com\/pt\/161195\/"},"modified":"2025-11-22T14:37:19","modified_gmt":"2025-11-22T14:37:19","slug":"juju-do-pix-faz-cirurgia-apos-ter-rosto-deformado-em-procedimento","status":"publish","type":"post","link":"https:\/\/www.europesays.com\/pt\/161195\/","title":{"rendered":"Juju do Pix faz cirurgia ap\u00f3s ter rosto deformado em procedimento"},"content":{"rendered":"<p><img decoding=\"async\" src=\"https:\/\/www.europesays.com\/pt\/wp-content\/uploads\/2025\/11\/Juju-do-Pix-faz-cirurgia-apos-ter-rosto-deformado--00857152-a3a9863e0894d8afbdcd729b2a508484-7.webp\" alt=\"&#13;&#10;&#9;&#9;&#9;&#9;Juju do Pix faz cirurgia ap&#xF3;s ter rosto deformado em procedimento&#13;&#10;&#9;&#9;&#9;&#13;&#10;&#9;&#9;&#9;\"\/>Ela fez um procedimento mal sucedido em 2017 que deixou seu rosto deformado. \u2014 Foto: Reprodu\u00e7\u00e3o<\/p>\n<p>A influenciadora Juliana Oliveira, mais conhecida como Juju do Pix, passou por uma cirurgia nessa quinta-feira (20\/11) para retirar o \u00f3leo mineral do rosto. Ela fez um procedimento mal sucedido em 2017 que deixou seu rosto deformado.<\/p>\n<p>Tudo em um s\u00f3 lugar.<\/p>\n<p>Receba not\u00edcias da GazetaWeb no seu <b>WhatsApp<\/b> e fique por dentro de tudo!<\/p>\n<p><a href=\"https:\/\/chat.whatsapp.com\/Ift8Of86Q8CFaauG7hssKy\" rel=\"nofollow noopener\" target=\"_blank\">ACESSE O GRUPO &gt;<\/a><img decoding=\"async\" loading=\"lazy\" src=\"https:\/\/www.europesays.com\/pt\/wp-content\/uploads\/2025\/08\/canal_whatsapp.png\" alt=\"Aplicativo na whatsapp Store\"\/><\/p>\n<blockquote class=\"instagram-media\" data-instgrm-captioned=\"\" data-instgrm-permalink=\"https:\/\/www.instagram.com\/reel\/DRU6Yv-joML\/?utm_source=ig_embed&amp;utm_campaign=loading\" data-instgrm-version=\"14\" style=\"background:#fff;border:0;border-radius:3px;box-shadow:0 0 1px 0 rgba(0,0,0,.5),0 1px 10px 0 rgba(0,0,0,.15);margin:1px;max-width:540px;min-width:326px;padding:0;width:99.375%;width:-webkit-calc(100% - 2px);width:calc(100% - 2px)\"\/>\n<p>M\u00e9dico respons\u00e1vel pelo procedimento, Thiago Marra afirmou que a opera\u00e7\u00e3o foi bem-sucedida e disse que ela precisar\u00e1 fazer outras cirurgias.<\/p>\n<p>Leia tamb\u00e9m<\/p>\n<p>\u201cTemos que esperar para ver como vai ser a cicatriza\u00e7\u00e3o para a gente poder tirar mais. Nesse primeiro momento n\u00e3o pode tirar tudo\u201d, explicou o profissional.<\/p>\n<p>Quem \u00e9 Juju do Pix?<\/p>\n<p>Juliana Oliveira (foto em destaque) \u00e9 uma mulher transexual e mora em Passo Fundo, no Rio Grande do Sul. Em 2017, ela passou por um procedimento para deixar os tra\u00e7os do rosto mais femininos em uma cl\u00ednica clandestina.<\/p>\n<p>O resultado foi uma deforma\u00e7\u00e3o na face, causada pela aplica\u00e7\u00e3o do \u00f3leo mineral. Ela chegou a pedir ajuda financeira aos seguidores para realizar a cirurgia de repara\u00e7\u00e3o, mas ganhou o procedimento gratuito.<\/p>\n<p>Veja o antes Juju do Pix:<\/p>\n<p><img decoding=\"async\" loading=\"lazy\" class=\"gzw-vertical-img\" src=\"https:\/\/www.europesays.com\/pt\/wp-content\/uploads\/2025\/11\/Juju-do-Pix-faz-cirurgia-apos-ter-rosto-deformado--00857152-783befec8da9c729b3724a3b008fa6d5-6.webp\" alt=\"&#13;&#10;&#9;&#9;&#9;&#9;Juju do Pix faz cirurgia ap&#xF3;s ter rosto deformado em procedimento&#13;&#10;&#9;&#9;&#9;&#13;&#10;&#9;&#9;&#9;\"\/>Ela fez um procedimento mal sucedido em 2017 que deixou seu rosto deformado. \u2014 Foto: Reprodu\u00e7\u00e3o<\/p>\n<p>Veja a mat\u00e9ria completa em <a href=\"https:\/\/www.metropoles.com\/celebridades\/juju-do-pix-faz-cirurgia-apos-ter-rosto-deformado-em-procedimento\" target=\"_blank\" data-rel-defined=\"\" rel=\"nofollow noopener\">Metr\u00f3poles<\/a><\/p>\n<p>App <b>+Gazeta<\/b><\/p>\n<p>Confira not\u00edcias no app, ou\u00e7a a r\u00e1dio, leia a edi\u00e7\u00e3o digital e acesse outros recursos<\/p>\n<p><a aria-label=\"baixar aplicativo na google play\" href=\"https:\/\/play.google.com\/store\/apps\/details?id=br.com.gazetadealagoas.plus.app&amp;pcampaignid=web_share\" rel=\"nofollow noopener\" target=\"_blank\"><img decoding=\"async\" loading=\"lazy\" style=\"object-fit:cover\" src=\"https:\/\/www.europesays.com\/pt\/wp-content\/uploads\/2025\/08\/google-play-original.webp.webp\" width=\"120\" height=\"35\" alt=\"Aplicativo na Google Play\"\/><\/a> <a aria-label=\"baixar aplicativo na app store\" href=\"https:\/\/apps.apple.com\/br\/app\/gazeta\/id6479646633\" rel=\"nofollow noopener\" target=\"_blank\"><img decoding=\"async\" loading=\"lazy\" style=\"object-fit:cover\" src=\"https:\/\/www.europesays.com\/pt\/wp-content\/uploads\/2025\/08\/app-store-original.webp.webp\" width=\"120\" height=\"35\" alt=\"Aplicativo na App Store\"\/><\/a><img decoding=\"async\" loading=\"lazy\" src=\"https:\/\/www.europesays.com\/pt\/wp-content\/uploads\/2025\/08\/app_gazeta.png\" width=\"120\" height=\"35\" alt=\"Aplicativo na App Store\"\/><script async src=\"\/\/www.instagram.com\/embed.js\"><\/script><\/p>\n","protected":false},"excerpt":{"rendered":"Ela fez um procedimento mal sucedido em 2017 que deixou seu rosto deformado. \u2014 Foto: Reprodu\u00e7\u00e3o A influenciadora&hellip;\n","protected":false},"author":2,"featured_media":161196,"comment_status":"","ping_status":"","sticky":false,"template":"","format":"standard","meta":{"footnotes":""},"categories":[145],"tags":[211,210,114,115,32,33],"class_list":{"0":"post-161195","1":"post","2":"type-post","3":"status-publish","4":"format-standard","5":"has-post-thumbnail","7":"category-celebridades","8":"tag-celebridades","9":"tag-celebrities","10":"tag-entertainment","11":"tag-entretenimento","12":"tag-portugal","13":"tag-pt"},"share_on_mastodon":{"url":"https:\/\/pubeurope.com\/@pt\/115593861378367192","error":""},"_links":{"self":[{"href":"https:\/\/www.europesays.com\/pt\/wp-json\/wp\/v2\/posts\/161195","targetHints":{"allow":["GET"]}}],"collection":[{"href":"https:\/\/www.europesays.com\/pt\/wp-json\/wp\/v2\/posts"}],"about":[{"href":"https:\/\/www.europesays.com\/pt\/wp-json\/wp\/v2\/types\/post"}],"author":[{"embeddable":true,"href":"https:\/\/www.europesays.com\/pt\/wp-json\/wp\/v2\/users\/2"}],"replies":[{"embeddable":true,"href":"https:\/\/www.europesays.com\/pt\/wp-json\/wp\/v2\/comments?post=161195"}],"version-history":[{"count":0,"href":"https:\/\/www.europesays.com\/pt\/wp-json\/wp\/v2\/posts\/161195\/revisions"}],"wp:featuredmedia":[{"embeddable":true,"href":"https:\/\/www.europesays.com\/pt\/wp-json\/wp\/v2\/media\/161196"}],"wp:attachment":[{"href":"https:\/\/www.europesays.com\/pt\/wp-json\/wp\/v2\/media?parent=161195"}],"wp:term":[{"taxonomy":"category","embeddable":true,"href":"https:\/\/www.europesays.com\/pt\/wp-json\/wp\/v2\/categories?post=161195"},{"taxonomy":"post_tag","embeddable":true,"href":"https:\/\/www.europesays.com\/pt\/wp-json\/wp\/v2\/tags?post=161195"}],"curies":[{"name":"wp","href":"https:\/\/api.w.org\/{rel}","templated":true}]}}