{"id":161203,"date":"2025-11-22T14:49:35","date_gmt":"2025-11-22T14:49:35","guid":{"rendered":"https:\/\/www.europesays.com\/pt\/161203\/"},"modified":"2025-11-22T14:49:35","modified_gmt":"2025-11-22T14:49:35","slug":"rui-maria-pego-o-corpo-e-politico-aquilo-que-fazemos-com-ele-tambem","status":"publish","type":"post","link":"https:\/\/www.europesays.com\/pt\/161203\/","title":{"rendered":"Rui Maria P\u00eago: &#8220;O corpo \u00e9 pol\u00edtico. Aquilo que fazemos com ele tamb\u00e9m&#8221;"},"content":{"rendered":"<p data-remotead-prev-elm=\"true\" data-remotead-elm-id=\"inread\">Rui Maria P\u00eago, ator de 36 anos, prepara-se para o mergulho: pela quarta vez, vai deixar-se engolir por um texto de Shakespeare. A submers\u00e3o \u00e9 total: &#8220;Aqui, represento, apresento, narro, mato e morro&#8221;. O acontecimento \u00e9 &#8220;Titus&#8221;, adapta\u00e7\u00e3o de &#8220;Titus Andronicus&#8221;, drama sanguin\u00e1rio de William Shakespeare, agora idealizado por Hugo van der Ding, C\u00e1tia Pinheiro e Jos\u00e9 Nunes, para a companhia Estrutura. A pe\u00e7a estreia quinta-feira no Teatro Carlos Alberto, no Porto, e fica em cena at\u00e9 7 de dezembro, seguindo depois para o CCB, em Lisboa (16 a 25 de janeiro de 2026).<\/p>\n<p>Acesso exclusivo a assinantes<\/p>\n<p>Acesso ilimitado a conte\u00fados exclusivos<\/p>\n<p>Navega\u00e7\u00e3o sem publicidade intrusiva<\/p>\n<p>Vers\u00e3o digital do jornal, suplementos e revistas<\/p>\n","protected":false},"excerpt":{"rendered":"Rui Maria P\u00eago, ator de 36 anos, prepara-se para o mergulho: pela quarta vez, vai deixar-se engolir por&hellip;\n","protected":false},"author":2,"featured_media":161204,"comment_status":"","ping_status":"","sticky":false,"template":"","format":"standard","meta":{"footnotes":""},"categories":[10],"tags":[1753,27,28,15,16,14,25,26,21,22,12,13,19,20,32,23,24,33,33221,17,18,29,30,31],"class_list":{"0":"post-161203","1":"post","2":"type-post","3":"status-publish","4":"format-standard","5":"has-post-thumbnail","7":"category-portugal","8":"tag-artes","9":"tag-breaking-news","10":"tag-breakingnews","11":"tag-featured-news","12":"tag-featurednews","13":"tag-headlines","14":"tag-latest-news","15":"tag-latestnews","16":"tag-main-news","17":"tag-mainnews","18":"tag-news","19":"tag-noticias","20":"tag-noticias-principais","21":"tag-noticiasprincipais","22":"tag-portugal","23":"tag-principais-noticias","24":"tag-principaisnoticias","25":"tag-pt","26":"tag-rui-maria-pego","27":"tag-top-stories","28":"tag-topstories","29":"tag-ultimas","30":"tag-ultimas-noticias","31":"tag-ultimasnoticias"},"share_on_mastodon":{"url":"https:\/\/pubeurope.com\/@pt\/115593908479107345","error":""},"_links":{"self":[{"href":"https:\/\/www.europesays.com\/pt\/wp-json\/wp\/v2\/posts\/161203","targetHints":{"allow":["GET"]}}],"collection":[{"href":"https:\/\/www.europesays.com\/pt\/wp-json\/wp\/v2\/posts"}],"about":[{"href":"https:\/\/www.europesays.com\/pt\/wp-json\/wp\/v2\/types\/post"}],"author":[{"embeddable":true,"href":"https:\/\/www.europesays.com\/pt\/wp-json\/wp\/v2\/users\/2"}],"replies":[{"embeddable":true,"href":"https:\/\/www.europesays.com\/pt\/wp-json\/wp\/v2\/comments?post=161203"}],"version-history":[{"count":0,"href":"https:\/\/www.europesays.com\/pt\/wp-json\/wp\/v2\/posts\/161203\/revisions"}],"wp:featuredmedia":[{"embeddable":true,"href":"https:\/\/www.europesays.com\/pt\/wp-json\/wp\/v2\/media\/161204"}],"wp:attachment":[{"href":"https:\/\/www.europesays.com\/pt\/wp-json\/wp\/v2\/media?parent=161203"}],"wp:term":[{"taxonomy":"category","embeddable":true,"href":"https:\/\/www.europesays.com\/pt\/wp-json\/wp\/v2\/categories?post=161203"},{"taxonomy":"post_tag","embeddable":true,"href":"https:\/\/www.europesays.com\/pt\/wp-json\/wp\/v2\/tags?post=161203"}],"curies":[{"name":"wp","href":"https:\/\/api.w.org\/{rel}","templated":true}]}}