{"id":161205,"date":"2025-11-22T14:50:09","date_gmt":"2025-11-22T14:50:09","guid":{"rendered":"https:\/\/www.europesays.com\/pt\/161205\/"},"modified":"2025-11-22T14:50:09","modified_gmt":"2025-11-22T14:50:09","slug":"markl-hemorragia-na-mioleira-a-ser-reabsorvida-aos-poucos-observador","status":"publish","type":"post","link":"https:\/\/www.europesays.com\/pt\/161205\/","title":{"rendered":"Markl. &#8220;Hemorragia na mioleira a ser reabsorvida aos poucos&#8221; \u2013 Observador"},"content":{"rendered":"<p>\u00c9 j\u00e1 a segunda selfie que Markl publica a partir da sua cama no Hospital S\u00e3o Francisco Xavier, recebendo centenas de milhares de likes e de mensagens de apoio tanto de apoiantes como de outras figuras p\u00fablicas.<\/p>\n<blockquote class=\"wp-embedded-content\" data-secret=\"FCJdYlICEY\">\n<p><a href=\"https:\/\/observador.pt\/especiais\/nuno-markl-teve-um-avc-depois-dos-50-anos-mas-ha-cada-vez-mais-jovens-afetados-a-vida-contemporanea-e-quase-um-novo-fator-de-risco\/\" rel=\"nofollow noopener\" target=\"_blank\">Nuno Markl teve um AVC aos 54 anos e h\u00e1 cada vez mais jovens afetados. \u201cA vida contempor\u00e2nea \u00e9 quase um novo fator de risco\u201d<\/a><\/p>\n<\/blockquote>\n<p>O humorista de 54 anos deu inicialmente entrada no Hospital de Cascais, tendo posteriormente sido transferido para o Hospital de S\u00e3o Francisco Xavier, em Lisboa. Na manh\u00e3 de sexta-feira, Markl confirmou que estava \u201cem \u00f3timas m\u00e3os\u201d no hospital e a \u201crecuperar aos poucos\u201d. Naquela publica\u00e7\u00e3o no <a href=\"https:\/\/www.instagram.com\/p\/DRUQfCpjO8R\/\" rel=\"nofollow noopener\" target=\"_blank\">Instagram<\/a>, deixou uma \u201cli\u00e7\u00e3o para todos: n\u00e3o somos super-homens. Por muito que se amem as 789675 coisas que fazemos, elas podem dar cabo de n\u00f3s\u201d.<\/p>\n<p>Al\u00e9m de locutor nas manh\u00e3s da R\u00e1dio Comercial, Nuno Markl \u00e9 um dos participantes do programa Taskmaster da RTP 1, cujas grava\u00e7\u00f5es da s\u00e9tima temporada terminaram esta semana. O humorista, ali\u00e1s, deu conta do ritmo intenso de trabalho a que foi submetido nas \u00faltimas semanas numa publica\u00e7\u00e3o nas suas redes sociais.<\/p>\n<blockquote class=\"wp-embedded-content\" data-secret=\"pvheB3B5vu\">\n<p><a href=\"https:\/\/observador.pt\/2025\/11\/20\/humorista-nuno-markl-internado-apos-sofrer-avc\/\" rel=\"nofollow noopener\" target=\"_blank\">Nuno Markl internado ap\u00f3s sofrer AVC. Humorista diz estar em \u201c\u00f3timas m\u00e3os\u201d e a \u201crecuperar aos poucos\u201d: \u201cDeixo uma li\u00e7\u00e3o para todos\u201d<\/a><\/p>\n<\/blockquote>\n<p>\u201cAcho que a Chiclete percebeu que hoje n\u00e3o h\u00e1 grava\u00e7\u00e3o de Taskmaster e agora estou soterrado por uma cadela que n\u00e3o consente que eu me mova um mil\u00edmetro daqui para fora\u201d, escreveu esta mesma quinta-feira no\u00a0<a href=\"https:\/\/www.instagram.com\/p\/DRRsCsujNo5\/?img_index=1\" rel=\"nofollow noopener\" target=\"_blank\">Instagram<\/a>.<\/p>\n<p><script async src=\"\/\/www.instagram.com\/embed.js\"><\/script><\/p>\n","protected":false},"excerpt":{"rendered":"\u00c9 j\u00e1 a segunda selfie que Markl publica a partir da sua cama no Hospital S\u00e3o Francisco Xavier,&hellip;\n","protected":false},"author":2,"featured_media":161206,"comment_status":"","ping_status":"","sticky":false,"template":"","format":"standard","meta":{"footnotes":""},"categories":[8],"tags":[27,28,211,15,16,14,25,26,186,21,22,12,13,19,20,32,23,24,33,2946,17,18,29,30,31],"class_list":{"0":"post-161205","1":"post","2":"type-post","3":"status-publish","4":"format-standard","5":"has-post-thumbnail","7":"category-principais-noticias","8":"tag-breaking-news","9":"tag-breakingnews","10":"tag-celebridades","11":"tag-featured-news","12":"tag-featurednews","13":"tag-headlines","14":"tag-latest-news","15":"tag-latestnews","16":"tag-lifestyle","17":"tag-main-news","18":"tag-mainnews","19":"tag-news","20":"tag-noticias","21":"tag-noticias-principais","22":"tag-noticiasprincipais","23":"tag-portugal","24":"tag-principais-noticias","25":"tag-principaisnoticias","26":"tag-pt","27":"tag-sau00fade","28":"tag-top-stories","29":"tag-topstories","30":"tag-ultimas","31":"tag-ultimas-noticias","32":"tag-ultimasnoticias"},"share_on_mastodon":{"url":"https:\/\/pubeurope.com\/@pt\/115593912355052924","error":""},"_links":{"self":[{"href":"https:\/\/www.europesays.com\/pt\/wp-json\/wp\/v2\/posts\/161205","targetHints":{"allow":["GET"]}}],"collection":[{"href":"https:\/\/www.europesays.com\/pt\/wp-json\/wp\/v2\/posts"}],"about":[{"href":"https:\/\/www.europesays.com\/pt\/wp-json\/wp\/v2\/types\/post"}],"author":[{"embeddable":true,"href":"https:\/\/www.europesays.com\/pt\/wp-json\/wp\/v2\/users\/2"}],"replies":[{"embeddable":true,"href":"https:\/\/www.europesays.com\/pt\/wp-json\/wp\/v2\/comments?post=161205"}],"version-history":[{"count":0,"href":"https:\/\/www.europesays.com\/pt\/wp-json\/wp\/v2\/posts\/161205\/revisions"}],"wp:featuredmedia":[{"embeddable":true,"href":"https:\/\/www.europesays.com\/pt\/wp-json\/wp\/v2\/media\/161206"}],"wp:attachment":[{"href":"https:\/\/www.europesays.com\/pt\/wp-json\/wp\/v2\/media?parent=161205"}],"wp:term":[{"taxonomy":"category","embeddable":true,"href":"https:\/\/www.europesays.com\/pt\/wp-json\/wp\/v2\/categories?post=161205"},{"taxonomy":"post_tag","embeddable":true,"href":"https:\/\/www.europesays.com\/pt\/wp-json\/wp\/v2\/tags?post=161205"}],"curies":[{"name":"wp","href":"https:\/\/api.w.org\/{rel}","templated":true}]}}