{"id":161209,"date":"2025-11-22T14:54:20","date_gmt":"2025-11-22T14:54:20","guid":{"rendered":"https:\/\/www.europesays.com\/pt\/161209\/"},"modified":"2025-11-22T14:54:20","modified_gmt":"2025-11-22T14:54:20","slug":"mel-maia-e-giullia-buscacio-detalham-bastidores-das-cenas-intimas-com-xama-e-lamoglia","status":"publish","type":"post","link":"https:\/\/www.europesays.com\/pt\/161209\/","title":{"rendered":"Mel Maia e Giullia Buscacio detalham bastidores das cenas \u00edntimas com Xam\u00e3 e Lamoglia"},"content":{"rendered":"\n<p class=\" content-text__container \" data-track-category=\"Link no Texto\" data-track-links=\"\"> A conversa abordou como cada detalhe foi planejado com foco em limites e acordos pr\u00e9vios, em um ambiente que, segundo elas, exigia alinhamento constante entre todos os envolvidos. Giullia destacou que o dia a dia das grava\u00e7\u00f5es dependia diretamente da escuta entre parceiros de cena, especialmente quando o roteiro pedia proximidade f\u00edsica. <\/p>\n<p class=\" content-text__container \" data-track-category=\"Link no Texto\" data-track-links=\"\"> \u201cEu acho que a gente teve muita sorte, porque, por exemplo, o Xam\u00e3 foi incr\u00edvel comigo nas cenas. \u00c9 importante tamb\u00e9m que o cara te escute e valide as coisas que voc\u00ea fala. Nem todo parceiro, homem, d\u00e1 essa valida\u00e7\u00e3o para a mulher falar ou opinar. Ou, por exemplo: \u2018Poxa, voc\u00ea pode me ajudar aqui? Porque aqui pode aparecer meu seio. Voc\u00ea tampa para mim? Voc\u00ea me ajuda nesse sentido?\u2019. Ent\u00e3o, tem que ter parceria. Acho que a gente teve muita sorte com isso. Voc\u00ea tamb\u00e9m teve uma prepara\u00e7\u00e3o com o Andr\u00e9, n\u00e9?\u201d disse a atriz durante o programa. <\/p>\n","protected":false},"excerpt":{"rendered":"A conversa abordou como cada detalhe foi planejado com foco em limites e acordos pr\u00e9vios, em um ambiente&hellip;\n","protected":false},"author":2,"featured_media":161210,"comment_status":"","ping_status":"","sticky":false,"template":"","format":"standard","meta":{"footnotes":""},"categories":[142],"tags":[114,115,319,32,33,318,151],"class_list":{"0":"post-161209","1":"post","2":"type-post","3":"status-publish","4":"format-standard","5":"has-post-thumbnail","7":"category-tv","8":"tag-entertainment","9":"tag-entretenimento","10":"tag-hard-news","11":"tag-portugal","12":"tag-pt","13":"tag-radar","14":"tag-tv"},"share_on_mastodon":{"url":"https:\/\/pubeurope.com\/@pt\/115593927936449104","error":""},"_links":{"self":[{"href":"https:\/\/www.europesays.com\/pt\/wp-json\/wp\/v2\/posts\/161209","targetHints":{"allow":["GET"]}}],"collection":[{"href":"https:\/\/www.europesays.com\/pt\/wp-json\/wp\/v2\/posts"}],"about":[{"href":"https:\/\/www.europesays.com\/pt\/wp-json\/wp\/v2\/types\/post"}],"author":[{"embeddable":true,"href":"https:\/\/www.europesays.com\/pt\/wp-json\/wp\/v2\/users\/2"}],"replies":[{"embeddable":true,"href":"https:\/\/www.europesays.com\/pt\/wp-json\/wp\/v2\/comments?post=161209"}],"version-history":[{"count":0,"href":"https:\/\/www.europesays.com\/pt\/wp-json\/wp\/v2\/posts\/161209\/revisions"}],"wp:featuredmedia":[{"embeddable":true,"href":"https:\/\/www.europesays.com\/pt\/wp-json\/wp\/v2\/media\/161210"}],"wp:attachment":[{"href":"https:\/\/www.europesays.com\/pt\/wp-json\/wp\/v2\/media?parent=161209"}],"wp:term":[{"taxonomy":"category","embeddable":true,"href":"https:\/\/www.europesays.com\/pt\/wp-json\/wp\/v2\/categories?post=161209"},{"taxonomy":"post_tag","embeddable":true,"href":"https:\/\/www.europesays.com\/pt\/wp-json\/wp\/v2\/tags?post=161209"}],"curies":[{"name":"wp","href":"https:\/\/api.w.org\/{rel}","templated":true}]}}