{"id":161211,"date":"2025-11-22T14:57:08","date_gmt":"2025-11-22T14:57:08","guid":{"rendered":"https:\/\/www.europesays.com\/pt\/161211\/"},"modified":"2025-11-22T14:57:08","modified_gmt":"2025-11-22T14:57:08","slug":"piastri-reage-a-publicacao-controversa-que-partilhou-e-apagou-nas-redes-sociais","status":"publish","type":"post","link":"https:\/\/www.europesays.com\/pt\/161211\/","title":{"rendered":"Piastri reage \u00e0 publica\u00e7\u00e3o controversa que partilhou (e apagou) nas redes sociais"},"content":{"rendered":"<p>Oscar Piastri, piloto da McLaren, partilhou uma publica\u00e7\u00e3o que continha uma cita\u00e7\u00e3o de Bernie Ecclestone no Instagram, na qual este afirmava que a McLaren preferia que Lando Norris se tornasse campe\u00e3o mundial.<\/p>\n<p>O australiano f\u00ea-lo nas primeiras horas de sexta-feira, antes do in\u00edcio do \u00faltimo treino livre e da qualifica\u00e7\u00e3o em Las Vegas.<\/p>\n<p>Pouco depois, desfez a partilha, mas os f\u00e3s j\u00e1 tinham notado a publica\u00e7\u00e3o e esta tornou-se um tema importante nas redes sociais.<\/p>\n<p>Questionado pela RacingNews365 sobre o assunto, Piastri diz que pode ter sido acidental e que n\u00e3o foi intencional, mas que n\u00e3o sabe como aconteceu.<\/p>\n<p>\u00abN\u00e3o sei exatamente como aconteceu. Acordei esta manh\u00e3 e vi-o, mas n\u00e3o sei, talvez o tenha partilhado acidentalmente. \u00c9 claro que n\u00e3o o fiz intencionalmente. Sim, n\u00e3o sei o que aconteceu. Realmente n\u00e3o sei\u00bb, afirmou ap\u00f3s saber que ir\u00e1 partir do quinto lugar no Grande Pr\u00e9mio de Las Vegas.<\/p>\n<p>Piastri \u00e9 o segundo na classifica\u00e7\u00e3o geral do Campeonato do Mundo de pilotos e est\u00e1 24 pontos atr\u00e1s do seu colega de equipa na McLaren, Lando Norris.<\/p>\n","protected":false},"excerpt":{"rendered":"Oscar Piastri, piloto da McLaren, partilhou uma publica\u00e7\u00e3o que continha uma cita\u00e7\u00e3o de Bernie Ecclestone no Instagram, na&hellip;\n","protected":false},"author":2,"featured_media":161212,"comment_status":"","ping_status":"","sticky":false,"template":"","format":"standard","meta":{"footnotes":""},"categories":[87],"tags":[135,32,33,134],"class_list":{"0":"post-161211","1":"post","2":"type-post","3":"status-publish","4":"format-standard","5":"has-post-thumbnail","7":"category-desporto","8":"tag-desporto","9":"tag-portugal","10":"tag-pt","11":"tag-sports"},"share_on_mastodon":{"url":"https:\/\/pubeurope.com\/@pt\/115593939772586770","error":""},"_links":{"self":[{"href":"https:\/\/www.europesays.com\/pt\/wp-json\/wp\/v2\/posts\/161211","targetHints":{"allow":["GET"]}}],"collection":[{"href":"https:\/\/www.europesays.com\/pt\/wp-json\/wp\/v2\/posts"}],"about":[{"href":"https:\/\/www.europesays.com\/pt\/wp-json\/wp\/v2\/types\/post"}],"author":[{"embeddable":true,"href":"https:\/\/www.europesays.com\/pt\/wp-json\/wp\/v2\/users\/2"}],"replies":[{"embeddable":true,"href":"https:\/\/www.europesays.com\/pt\/wp-json\/wp\/v2\/comments?post=161211"}],"version-history":[{"count":0,"href":"https:\/\/www.europesays.com\/pt\/wp-json\/wp\/v2\/posts\/161211\/revisions"}],"wp:featuredmedia":[{"embeddable":true,"href":"https:\/\/www.europesays.com\/pt\/wp-json\/wp\/v2\/media\/161212"}],"wp:attachment":[{"href":"https:\/\/www.europesays.com\/pt\/wp-json\/wp\/v2\/media?parent=161211"}],"wp:term":[{"taxonomy":"category","embeddable":true,"href":"https:\/\/www.europesays.com\/pt\/wp-json\/wp\/v2\/categories?post=161211"},{"taxonomy":"post_tag","embeddable":true,"href":"https:\/\/www.europesays.com\/pt\/wp-json\/wp\/v2\/tags?post=161211"}],"curies":[{"name":"wp","href":"https:\/\/api.w.org\/{rel}","templated":true}]}}