{"id":161213,"date":"2025-11-22T14:59:38","date_gmt":"2025-11-22T14:59:38","guid":{"rendered":"https:\/\/www.europesays.com\/pt\/161213\/"},"modified":"2025-11-22T14:59:38","modified_gmt":"2025-11-22T14:59:38","slug":"as-carteiras-portuguesas-da-madly-sao-a-nova-febre-do-tiktok-ja-estao-a-esgotar-nit","status":"publish","type":"post","link":"https:\/\/www.europesays.com\/pt\/161213\/","title":{"rendered":"As carteiras portuguesas da Madly s\u00e3o a nova febre do TikTok. J\u00e1 est\u00e3o a esgotar \u2014 NiT"},"content":{"rendered":"<p>Quem segue Madalena Oliveira no TikTok, <a href=\"https:\/\/www.tiktok.com\/@madalenaa.oliveira\" target=\"_blank\" rel=\"nofollow noopener\">acompanhou<\/a> todas as aventuras da jovem \u00e0 volta do croch\u00e9. V\u00eddeo ap\u00f3s v\u00eddeo, foi documentando a forma como desmanchava acess\u00f3rios, juntava tecidos ou criava silhuetas novas. Era uma brincadeira, pelo menos at\u00e9 ao momento em que se apaixonou por um dos modelos.<\/p>\n<p>\u201cDurante o ver\u00e3o, come\u00e7aram a aparecer-me v\u00eddeos no TikTok de carteiras em croch\u00e9 e comecei logo a inventar\u201d, recorda \u00e0 NiT. \u201cEra um mundo que, na verdade, j\u00e1 conhecia. Sempre tive um gosto enorme pelos trabalhos manuais e \u00e9 algo que fa\u00e7o desde mi\u00fada.\u201d<\/p>\n<p>Satisfeita com o feedback das redes sociais, decidiu transformar o hobby em algo mais s\u00e9rio. O primeiro design transformou-se nos quatro modelos que fazem parte do drop de estreia da Madly, uma marca de acess\u00f3rios artesanais lan\u00e7ada oficialmente a 12 de novembro.<\/p>\n<p>\u201cVia muitas carteiras feitas em croch\u00e9, mas sentia que era mais do mesmo. Adorava, mas queria trazer algo diferente, ent\u00e3o dediquei-me a criar at\u00e9 sentir que cheguei ao modelo certo\u201d, acrescenta a fundadora de 23 anos, atualmente a terminar o mestrado de engenharia eletrot\u00e9cnica de computadores.<\/p>\n<p>O primeiro desenho nasce do contraste da napa, dispon\u00edvel em v\u00e1rias cores e padr\u00f5es, com acabamento em croch\u00e9 na al\u00e7a e nas bordas. Apesar da variedade, Madalena apostou apenas em tonalidades neutras como o castanho, o preto ou o cinza.<\/p>\n<p><img decoding=\"async\" loading=\"lazy\" class=\"wp-image-1539968 \" src=\"https:\/\/www.europesays.com\/pt\/wp-content\/uploads\/2025\/11\/2aaa0e5015a25a1074a0acb438f8f34f-e1763738033104.jpg\" alt=\"\" width=\"878\" height=\"611\"  \/>Chegou em v\u00e1rias cores.<\/p>\n<p>Cada unidade \u00e9 feita \u00e0 m\u00e3o, num processo que demora cerca de duas horas, a partir de um fio 100 por cento reciclado, proveniente de T-shirts reaproveitadas. Da escolha dos tecidos aos detalhes finais, tudo \u00e9 desenvolvido pelas m\u00e3os da jovem, sempre a partir de casa.\u00a0<\/p>\n<p>A resposta dos clientes n\u00e3o poderia ter sido mais positiva. <strong>Al\u00e9m de centenas de milhares de visualiza\u00e7\u00f5es no TikTok, onde a marca tem feito imenso sucesso, duas das vers\u00f5es da primeira carteira esgotaram rapidamente. O modelo The Country (com estampado de vaca) e o modelo The Coffe (com dois tons de castanho) foram os primeiros a desaparecer.<\/strong><\/p>\n<p>\u201cPor um lado, tinha expetativas altas devido \u00e0s redes sociais, mas n\u00e3o esperava esgotar duas das malas em t\u00e3o pouco tempo. N\u00e3o estava nada \u00e0 espera. Tenho recebido imensas mensagens de pessoas a perguntar quando voltam\u201d, continua.<\/p>\n<p>A fundadora da Madly (uma esp\u00e9cie de brincadeira entre a alcunha, Mada, e um apelo a uma \u201cloucura boa) esclarece tamb\u00e9m que o objetivo n\u00e3o \u00e9 lan\u00e7ar cole\u00e7\u00f5es sazonais, mas drops espor\u00e1dicos. Durante a Black Friday, por exemplo, j\u00e1 est\u00e1 prevista uma surpresa para as clientes.<\/p>\n<p>Apesar do sucesso, o foco continua a estar no digital. \u201cNeste momento, gostava que a marca ganhasse um reconhecimento ainda maior, a n\u00edvel nacional, e que lhe seja associada esse valor\u201d, conclui. S\u00f3 depois pretende olhar al\u00e9m-fronteiras e, talvez, para o retalho f\u00edsico.<\/p>\n<p>Pode comprar os primeiros modelos da Madly <a href=\"https:\/\/madlyportugal.com\/\" target=\"_blank\" rel=\"nofollow noopener\">online<\/a>. Cada unidade custa 39,90\u20ac.<\/p>\n<p>Carregue na galeria para conhecer os primeiros lan\u00e7amentos desta marca portuguesa.<\/p>\n<p>\t\t\t\t<script async src=\"\/\/www.tiktok.com\/embed.js\"><\/script><\/p>\n","protected":false},"excerpt":{"rendered":"Quem segue Madalena Oliveira no TikTok, acompanhou todas as aventuras da jovem \u00e0 volta do croch\u00e9. V\u00eddeo ap\u00f3s&hellip;\n","protected":false},"author":2,"featured_media":161214,"comment_status":"","ping_status":"","sticky":false,"template":"","format":"standard","meta":{"footnotes":""},"categories":[85],"tags":[114,115,32,33],"class_list":{"0":"post-161213","1":"post","2":"type-post","3":"status-publish","4":"format-standard","5":"has-post-thumbnail","7":"category-entretenimento","8":"tag-entertainment","9":"tag-entretenimento","10":"tag-portugal","11":"tag-pt"},"share_on_mastodon":{"url":"https:\/\/pubeurope.com\/@pt\/115593947885094913","error":""},"_links":{"self":[{"href":"https:\/\/www.europesays.com\/pt\/wp-json\/wp\/v2\/posts\/161213","targetHints":{"allow":["GET"]}}],"collection":[{"href":"https:\/\/www.europesays.com\/pt\/wp-json\/wp\/v2\/posts"}],"about":[{"href":"https:\/\/www.europesays.com\/pt\/wp-json\/wp\/v2\/types\/post"}],"author":[{"embeddable":true,"href":"https:\/\/www.europesays.com\/pt\/wp-json\/wp\/v2\/users\/2"}],"replies":[{"embeddable":true,"href":"https:\/\/www.europesays.com\/pt\/wp-json\/wp\/v2\/comments?post=161213"}],"version-history":[{"count":0,"href":"https:\/\/www.europesays.com\/pt\/wp-json\/wp\/v2\/posts\/161213\/revisions"}],"wp:featuredmedia":[{"embeddable":true,"href":"https:\/\/www.europesays.com\/pt\/wp-json\/wp\/v2\/media\/161214"}],"wp:attachment":[{"href":"https:\/\/www.europesays.com\/pt\/wp-json\/wp\/v2\/media?parent=161213"}],"wp:term":[{"taxonomy":"category","embeddable":true,"href":"https:\/\/www.europesays.com\/pt\/wp-json\/wp\/v2\/categories?post=161213"},{"taxonomy":"post_tag","embeddable":true,"href":"https:\/\/www.europesays.com\/pt\/wp-json\/wp\/v2\/tags?post=161213"}],"curies":[{"name":"wp","href":"https:\/\/api.w.org\/{rel}","templated":true}]}}