{"id":161220,"date":"2025-11-22T15:05:30","date_gmt":"2025-11-22T15:05:30","guid":{"rendered":"https:\/\/www.europesays.com\/pt\/161220\/"},"modified":"2025-11-22T15:05:30","modified_gmt":"2025-11-22T15:05:30","slug":"nem-e-ia-kristen-bell-e-pega-de-surpresa-com-anuncio-de-projeto-que-ela-narrou-e-nao-fazia-ideia-celebridades","status":"publish","type":"post","link":"https:\/\/www.europesays.com\/pt\/161220\/","title":{"rendered":"Nem \u00e9 IA: Kristen Bell \u00e9 pega de surpresa com an\u00fancio de projeto que ela narrou e n\u00e3o fazia ideia | Celebridades"},"content":{"rendered":"\n<p class=\" content-text__container \" data-track-category=\"Link no Texto\" data-track-links=\"\"> Segundo mat\u00e9ria da revista Rolling Stone, a divis\u00e3o religiosa da Fox News Media, a Fox Faith, anunciou na quarta (19) que lan\u00e7ar\u00e1 o podcast &#8216;The Life of Jesus&#8217;, uma s\u00e9rie de 52 epis\u00f3dios que guiar\u00e1 os ouvintes &#8220;pela vida, ensinamentos e milagres de Jesus Cristo&#8221;. O comunicado tamb\u00e9m informa que mais de 100 atores renomados foram confirmados, incluindo Kristen Bell como a voz de Maria Madalena. <\/p>\n","protected":false},"excerpt":{"rendered":"Segundo mat\u00e9ria da revista Rolling Stone, a divis\u00e3o religiosa da Fox News Media, a Fox Faith, anunciou na&hellip;\n","protected":false},"author":2,"featured_media":161221,"comment_status":"","ping_status":"","sticky":false,"template":"","format":"standard","meta":{"footnotes":""},"categories":[145],"tags":[211,210,114,115,32,33],"class_list":{"0":"post-161220","1":"post","2":"type-post","3":"status-publish","4":"format-standard","5":"has-post-thumbnail","7":"category-celebridades","8":"tag-celebridades","9":"tag-celebrities","10":"tag-entertainment","11":"tag-entretenimento","12":"tag-portugal","13":"tag-pt"},"share_on_mastodon":{"url":"https:\/\/pubeurope.com\/@pt\/115593971213645007","error":""},"_links":{"self":[{"href":"https:\/\/www.europesays.com\/pt\/wp-json\/wp\/v2\/posts\/161220","targetHints":{"allow":["GET"]}}],"collection":[{"href":"https:\/\/www.europesays.com\/pt\/wp-json\/wp\/v2\/posts"}],"about":[{"href":"https:\/\/www.europesays.com\/pt\/wp-json\/wp\/v2\/types\/post"}],"author":[{"embeddable":true,"href":"https:\/\/www.europesays.com\/pt\/wp-json\/wp\/v2\/users\/2"}],"replies":[{"embeddable":true,"href":"https:\/\/www.europesays.com\/pt\/wp-json\/wp\/v2\/comments?post=161220"}],"version-history":[{"count":0,"href":"https:\/\/www.europesays.com\/pt\/wp-json\/wp\/v2\/posts\/161220\/revisions"}],"wp:featuredmedia":[{"embeddable":true,"href":"https:\/\/www.europesays.com\/pt\/wp-json\/wp\/v2\/media\/161221"}],"wp:attachment":[{"href":"https:\/\/www.europesays.com\/pt\/wp-json\/wp\/v2\/media?parent=161220"}],"wp:term":[{"taxonomy":"category","embeddable":true,"href":"https:\/\/www.europesays.com\/pt\/wp-json\/wp\/v2\/categories?post=161220"},{"taxonomy":"post_tag","embeddable":true,"href":"https:\/\/www.europesays.com\/pt\/wp-json\/wp\/v2\/tags?post=161220"}],"curies":[{"name":"wp","href":"https:\/\/api.w.org\/{rel}","templated":true}]}}