{"id":161224,"date":"2025-11-22T15:16:19","date_gmt":"2025-11-22T15:16:19","guid":{"rendered":"https:\/\/www.europesays.com\/pt\/161224\/"},"modified":"2025-11-22T15:16:19","modified_gmt":"2025-11-22T15:16:19","slug":"apuramento-da-escocia-para-o-mundial-fez-tremer-a-terra","status":"publish","type":"post","link":"https:\/\/www.europesays.com\/pt\/161224\/","title":{"rendered":"Apuramento da Esc\u00f3cia para o Mundial fez tremer a terra"},"content":{"rendered":"<p>Os adeptos da Esc\u00f3cia foram \u00e0 loucura com a passagem da sele\u00e7\u00e3o ao Mundial 2026, ao fim de 28 anos. Os escoceses levaram a melhor perante a Dinamarca por 4-2 e existiram momentos em que a terra tremeu.<\/p>\n<p>O Servi\u00e7o Geol\u00f3gico Brit\u00e2nico registou &#8220;um sismo extremamente pequeno&#8221; no momento do \u00faltimo golo da Esc\u00f3cia, depois de Kenny McLean ter rematado do meio-campo.<\/p>\n<p><a href=\"https:\/\/sportinforma.sapo.pt\/\" target=\"_blank\" rel=\"noreferrer noopener nofollow\">&#8211; Tudo sobre o desporto nacional e internacional em<b id=\"s-b-embed-69219154\" data-stringify-type=\"bold\">\u00a0<\/b><b>sportinforma.sapo.pt &#8211;<\/b><\/a><\/p>\n<p>Para al\u00e9m desse momento, registou-se uma segunda atividade s\u00edsmica quando o \u00e1rbitro apitou para o final do jogo. O terceiro golo da Esc\u00f3cia, por interm\u00e9dio de Kieran Tierney, tamb\u00e9m ficou marcado nos registos na esta\u00e7\u00e3o do Servi\u00e7o Geol\u00f3gico Brit\u00e2nico do Observat\u00f3rio Geot\u00e9rmico de Glasgow, a 2 km do Hampden Park.<\/p>\n<p>A atividade registada resultou numa magnitude entre -1 e 0 na escala de Richter, produzindo o equivalente a 200 kWW de energia, tal como refere a BBC.<\/p>\n","protected":false},"excerpt":{"rendered":"Os adeptos da Esc\u00f3cia foram \u00e0 loucura com a passagem da sele\u00e7\u00e3o ao Mundial 2026, ao fim de&hellip;\n","protected":false},"author":2,"featured_media":161225,"comment_status":"","ping_status":"","sticky":false,"template":"","format":"standard","meta":{"footnotes":""},"categories":[87],"tags":[135,32,33,134],"class_list":{"0":"post-161224","1":"post","2":"type-post","3":"status-publish","4":"format-standard","5":"has-post-thumbnail","7":"category-desporto","8":"tag-desporto","9":"tag-portugal","10":"tag-pt","11":"tag-sports"},"share_on_mastodon":{"url":"https:\/\/pubeurope.com\/@pt\/115594014656962753","error":""},"_links":{"self":[{"href":"https:\/\/www.europesays.com\/pt\/wp-json\/wp\/v2\/posts\/161224","targetHints":{"allow":["GET"]}}],"collection":[{"href":"https:\/\/www.europesays.com\/pt\/wp-json\/wp\/v2\/posts"}],"about":[{"href":"https:\/\/www.europesays.com\/pt\/wp-json\/wp\/v2\/types\/post"}],"author":[{"embeddable":true,"href":"https:\/\/www.europesays.com\/pt\/wp-json\/wp\/v2\/users\/2"}],"replies":[{"embeddable":true,"href":"https:\/\/www.europesays.com\/pt\/wp-json\/wp\/v2\/comments?post=161224"}],"version-history":[{"count":0,"href":"https:\/\/www.europesays.com\/pt\/wp-json\/wp\/v2\/posts\/161224\/revisions"}],"wp:featuredmedia":[{"embeddable":true,"href":"https:\/\/www.europesays.com\/pt\/wp-json\/wp\/v2\/media\/161225"}],"wp:attachment":[{"href":"https:\/\/www.europesays.com\/pt\/wp-json\/wp\/v2\/media?parent=161224"}],"wp:term":[{"taxonomy":"category","embeddable":true,"href":"https:\/\/www.europesays.com\/pt\/wp-json\/wp\/v2\/categories?post=161224"},{"taxonomy":"post_tag","embeddable":true,"href":"https:\/\/www.europesays.com\/pt\/wp-json\/wp\/v2\/tags?post=161224"}],"curies":[{"name":"wp","href":"https:\/\/api.w.org\/{rel}","templated":true}]}}