{"id":161226,"date":"2025-11-22T15:17:08","date_gmt":"2025-11-22T15:17:08","guid":{"rendered":"https:\/\/www.europesays.com\/pt\/161226\/"},"modified":"2025-11-22T15:17:08","modified_gmt":"2025-11-22T15:17:08","slug":"mulheres-estao-mais-expostas-a-risco-de-terem-avc-em-idades-jovens","status":"publish","type":"post","link":"https:\/\/www.europesays.com\/pt\/161226\/","title":{"rendered":"Mulheres est\u00e3o mais expostas a risco de terem AVC em idades jovens"},"content":{"rendered":"<p data-remotead-prev-elm=\"true\" data-remotead-elm-id=\"inread\">Mais ansiedade e maior nervosismo, maior resist\u00eancia a distinguir os primeiros sintomas de um acidente vascular cerebral (AVC) colocam as mulheres em maior risco diante esta doen\u00e7a que, dependendo da extens\u00e3o da les\u00e3o e do tratamento imediato, pode ser recuper\u00e1vel ou, por outro lado, mortal. Segundo o documento Causas de Morte do Instituto Nacional de Estat\u00edstica, a doen\u00e7a \u00e9 a que mais mata em Portugal e tem maior taxa de incid\u00eancia no sexo feminino: em 2023, morreram 5116 mulheres e 4084 homens.<\/p>\n<p>&#8220;H\u00e1 dificuldade em identificar sintomas mais ligeiros de AVC e que s\u00e3o igualmente graves e podem levar a situa\u00e7\u00f5es bem mais complicadas nas mulheres do que nos homens&#8221;, alertou, em abril deste ano, o neurologista e membro da Sociedade Portuguesa de Neurologia V\u00edtor Rocha de Oliveira. &#8220;As mulheres t\u00eam mais propens\u00e3o para serem mais ansiosas e terem sintomas que n\u00e3o s\u00e3o AVC, mas que podem sugerir AVC, como, por exemplo, tonturas, que \u00e9 um sinal um pouco espec\u00edfico&#8221;.<\/p>\n<p>A este fen\u00f3meno juntam-se o fator econ\u00f3mico, com o neurologista a especificar que &#8220;as mulheres t\u00eam n\u00edveis de cuidado e econ\u00f3micos menores &#8211; como a alimenta\u00e7\u00e3o, h\u00e1bitos de sa\u00fade &#8211; e que est\u00e3o muito relacionados com a patologia do AVC, existindo mais casos em n\u00edveis sociais mais baixos&#8221;, detalha.<\/p>\n<p>Quanto \u00e0s hormonas, o m\u00e9dico explicou que estas &#8220;tamb\u00e9m t\u00eam implica\u00e7\u00f5es&#8221;. &#8220;As mulheres est\u00e3o mais expostas a risco de terem AVC em idades jovens&#8221; por via &#8220;das caracter\u00edsticas normais do sexo feminino e, mais tarde, para outras situa\u00e7\u00f5es como a gravidez e o parto&#8221;. Ainda que em n\u00fameros muito residuais, como faz quest\u00e3o de salvaguardar V\u00edtor Rocha de Oliveira, &#8220;s\u00e3o situa\u00e7\u00f5es que podem aumentar o risco de AVC por via de altera\u00e7\u00f5es hormonais, imunol\u00f3gicas e inflamat\u00f3rias dos vasos&#8221;, com especial incid\u00eancia &#8220;nas duas semanas no puerp\u00e9rio&#8221;.<\/p>\n","protected":false},"excerpt":{"rendered":"Mais ansiedade e maior nervosismo, maior resist\u00eancia a distinguir os primeiros sintomas de um acidente vascular cerebral (AVC)&hellip;\n","protected":false},"author":2,"featured_media":161227,"comment_status":"","ping_status":"","sticky":false,"template":"","format":"standard","meta":{"footnotes":""},"categories":[86],"tags":[1493,20491,4357,116,2623,11435,32,33,117],"class_list":{"0":"post-161226","1":"post","2":"type-post","3":"status-publish","4":"format-standard","5":"has-post-thumbnail","7":"category-saude","8":"tag-avc","9":"tag-delas","10":"tag-doenca","11":"tag-health","12":"tag-mulheres","13":"tag-nuno-markl","14":"tag-portugal","15":"tag-pt","16":"tag-saude"},"share_on_mastodon":{"url":"https:\/\/pubeurope.com\/@pt\/115594018632537122","error":""},"_links":{"self":[{"href":"https:\/\/www.europesays.com\/pt\/wp-json\/wp\/v2\/posts\/161226","targetHints":{"allow":["GET"]}}],"collection":[{"href":"https:\/\/www.europesays.com\/pt\/wp-json\/wp\/v2\/posts"}],"about":[{"href":"https:\/\/www.europesays.com\/pt\/wp-json\/wp\/v2\/types\/post"}],"author":[{"embeddable":true,"href":"https:\/\/www.europesays.com\/pt\/wp-json\/wp\/v2\/users\/2"}],"replies":[{"embeddable":true,"href":"https:\/\/www.europesays.com\/pt\/wp-json\/wp\/v2\/comments?post=161226"}],"version-history":[{"count":0,"href":"https:\/\/www.europesays.com\/pt\/wp-json\/wp\/v2\/posts\/161226\/revisions"}],"wp:featuredmedia":[{"embeddable":true,"href":"https:\/\/www.europesays.com\/pt\/wp-json\/wp\/v2\/media\/161227"}],"wp:attachment":[{"href":"https:\/\/www.europesays.com\/pt\/wp-json\/wp\/v2\/media?parent=161226"}],"wp:term":[{"taxonomy":"category","embeddable":true,"href":"https:\/\/www.europesays.com\/pt\/wp-json\/wp\/v2\/categories?post=161226"},{"taxonomy":"post_tag","embeddable":true,"href":"https:\/\/www.europesays.com\/pt\/wp-json\/wp\/v2\/tags?post=161226"}],"curies":[{"name":"wp","href":"https:\/\/api.w.org\/{rel}","templated":true}]}}