{"id":161231,"date":"2025-11-22T15:22:22","date_gmt":"2025-11-22T15:22:22","guid":{"rendered":"https:\/\/www.europesays.com\/pt\/161231\/"},"modified":"2025-11-22T15:22:22","modified_gmt":"2025-11-22T15:22:22","slug":"cnn-international-summit-os-quatro-principais-candidatos-a-presidencia-todos-juntos-e-para-ver-aqui","status":"publish","type":"post","link":"https:\/\/www.europesays.com\/pt\/161231\/","title":{"rendered":"CNN INTERNATIONAL SUMMIT || Os quatro principais candidatos \u00e0 Presid\u00eancia todos juntos. \u00c9 para ver aqui"},"content":{"rendered":"<p style=\"margin-bottom:11px\">\u00c9 agora a vez de Andr\u00e9 Ventura dar a sua vis\u00e3o sobre a situa\u00e7\u00e3o da justi\u00e7a em Portugal.<\/p>\n<p>\u201cO MP n\u00e3o est\u00e1 acima da lei, os tribunais n\u00e3o est\u00e3o, nenhum de n\u00f3s est\u00e1\u201d, come\u00e7a por dizer o candidato. Mas logo a seguir chama a aten\u00e7\u00e3o para outro facto: \u201cSempre que h\u00e1 algu\u00e9m do Partido Socialista envolvido em alguma coisa, h\u00e1 uma campanha para descredibilizar a justi\u00e7a. Em Portugal montou-se um polvo de tal maneira grande em algumas institui\u00e7\u00f5es, que h\u00e1 pessoas que foram colocadas em locais ou para ajudar ou para criar propositadamente entropias. Isto \u00e9 um problema de fundo.\u201d<\/p>\n<p>\u201cN\u00e3o podemos ter uma justi\u00e7a criminal que s\u00f3 funcione para o p\u00e9 de chinelo, mas tamb\u00e9m para os poderosos\u201d, afirma Ventura.<\/p>\n<p>E recorda os casos de Sarkozy em Fran\u00e7a ou de Bolsonaro no Brasil, onde julgamentos foram feitos com rapidez, enquanto em Portugal Jos\u00e9 S\u00f3crates est\u00e1 h\u00e1 10 anos para ser julgado. \u201cDizem-me que \u00e9 o estado de direito. Ent\u00e3o que se lixe o estado de direito, se est\u00e1 tudo \u00e0 solta, n\u00e3o foi para isso que foi feita a Constitui\u00e7\u00e3o de 76. Isto acontece porque temos uma m\u00e1 lei e porque foram colocadas pessoas nos cargos certos.\u201d<\/p>\n<p>Ventura vai ainda mais longe e, dando mais uma vez como exemplo o caso de Jose\u00e9 S\u00f3crates, critica a forma como \u00e9 nomeado o procurador-geral da Rep\u00fablica: \u201cO que n\u00e3o faz sentido \u00e9 que algu\u00e9m politicamente escolhido v\u00e1 investigar quem o escolheu\u201d.<\/p>\n","protected":false},"excerpt":{"rendered":"\u00c9 agora a vez de Andr\u00e9 Ventura dar a sua vis\u00e3o sobre a situa\u00e7\u00e3o da justi\u00e7a em Portugal.&hellip;\n","protected":false},"author":2,"featured_media":161232,"comment_status":"","ping_status":"","sticky":false,"template":"","format":"standard","meta":{"footnotes":""},"categories":[10],"tags":[609,34316,611,27,28,607,34314,608,604,610,539,15,16,14,9705,34315,603,25,26,570,17461,21,22,606,12,13,19,20,602,34317,32,23,24,33,58,605,17,18,29,30,31],"class_list":{"0":"post-161231","1":"post","2":"type-post","3":"status-publish","4":"format-standard","5":"has-post-thumbnail","7":"category-portugal","8":"tag-alerta","9":"tag-antonio-jose-seguro-andre-ventura","10":"tag-ao-minuto","11":"tag-breaking-news","12":"tag-breakingnews","13":"tag-cnn","14":"tag-cnn-international-summit","15":"tag-cnn-portugal","16":"tag-crime","17":"tag-direto","18":"tag-educacao","19":"tag-featured-news","20":"tag-featurednews","21":"tag-headlines","22":"tag-henrique-gouveia-e-melo","23":"tag-john-kerry","24":"tag-justica","25":"tag-latest-news","26":"tag-latestnews","27":"tag-live","28":"tag-luis-marques-mendes","29":"tag-main-news","30":"tag-mainnews","31":"tag-meteorologia","32":"tag-news","33":"tag-noticias","34":"tag-noticias-principais","35":"tag-noticiasprincipais","36":"tag-pais","37":"tag-paulo-rangel-alvaro-santos-pereira-nuno-marques-marcelo-nico-goncalo-lopes-antonio-lagartixo-presidente-da-camara-de-lviv","38":"tag-portugal","39":"tag-principais-noticias","40":"tag-principaisnoticias","41":"tag-pt","42":"tag-sociedade","43":"tag-tempo","44":"tag-top-stories","45":"tag-topstories","46":"tag-ultimas","47":"tag-ultimas-noticias","48":"tag-ultimasnoticias"},"share_on_mastodon":{"url":"","error":"Validation failed: Text character limit of 500 exceeded"},"_links":{"self":[{"href":"https:\/\/www.europesays.com\/pt\/wp-json\/wp\/v2\/posts\/161231","targetHints":{"allow":["GET"]}}],"collection":[{"href":"https:\/\/www.europesays.com\/pt\/wp-json\/wp\/v2\/posts"}],"about":[{"href":"https:\/\/www.europesays.com\/pt\/wp-json\/wp\/v2\/types\/post"}],"author":[{"embeddable":true,"href":"https:\/\/www.europesays.com\/pt\/wp-json\/wp\/v2\/users\/2"}],"replies":[{"embeddable":true,"href":"https:\/\/www.europesays.com\/pt\/wp-json\/wp\/v2\/comments?post=161231"}],"version-history":[{"count":0,"href":"https:\/\/www.europesays.com\/pt\/wp-json\/wp\/v2\/posts\/161231\/revisions"}],"wp:featuredmedia":[{"embeddable":true,"href":"https:\/\/www.europesays.com\/pt\/wp-json\/wp\/v2\/media\/161232"}],"wp:attachment":[{"href":"https:\/\/www.europesays.com\/pt\/wp-json\/wp\/v2\/media?parent=161231"}],"wp:term":[{"taxonomy":"category","embeddable":true,"href":"https:\/\/www.europesays.com\/pt\/wp-json\/wp\/v2\/categories?post=161231"},{"taxonomy":"post_tag","embeddable":true,"href":"https:\/\/www.europesays.com\/pt\/wp-json\/wp\/v2\/tags?post=161231"}],"curies":[{"name":"wp","href":"https:\/\/api.w.org\/{rel}","templated":true}]}}