{"id":161239,"date":"2025-11-22T15:30:23","date_gmt":"2025-11-22T15:30:23","guid":{"rendered":"https:\/\/www.europesays.com\/pt\/161239\/"},"modified":"2025-11-22T15:30:23","modified_gmt":"2025-11-22T15:30:23","slug":"andre-villas-boas-e-a-arbitragem-nao-ha-uniformidade-de-criterios-ha-dualidade","status":"publish","type":"post","link":"https:\/\/www.europesays.com\/pt\/161239\/","title":{"rendered":"Andr\u00e9 Villas-Boas e a arbitragem: &#8220;N\u00e3o h\u00e1 uniformidade de crit\u00e9rios, h\u00e1 dualidade&#8221;"},"content":{"rendered":"<p data-remotead-prev-elm=\"true\" data-remotead-elm-id=\"inread\">&#8220;Foi cordial. Um encontro construtivo, digamos que um reencontro destes quatro presidentes com o presidente da FPF. Relativamente a um tema muito espec\u00edfico, as receitas provenientes das apostas desportivas em ligas internacionais. Uma promessa feita pelo candidato Pedro Proen\u00e7a enquanto candidato, e que os clubes entenderam fazer um ponto de situa\u00e7\u00e3o sobre essa quest\u00e3o. Evidentemente, depois tocam-se em outros temas. N\u00e3o muito profundamente porque o tempo era curto. Fic\u00e1mos esclarecidos relativamente \u00e0s inten\u00e7\u00f5es da FPF sobre este tema, que era importante. Como pode calcular, s\u00e3o quantias relevantes para o futebol portugu\u00eas, que o futebol portugu\u00eas quer ver aplicadas nas medidas certas. Foi discutido o modo como se podem acionar essas receitas e o modo como podem vir a ser distribu\u00eddas&#8221;, afirmou Villas-Boas, garantindo que, agora, F. C. Porto, Sporting, Benfica e Braga v\u00e3o transmitir as propostas com os restantes clubes da Liga.<\/p>\n<p>&#8220;Evidentemente, h\u00e1 um aspeto importante. Estes quatro clubes n\u00e3o representam o universo dos clubes da liga profissional, mas defendem-no com os mesmos interesses. As receitas das apostas nos campeonatos profissionais est\u00e3o centralizadas na liga, e o nosso objetivo \u00e9, se houver novas receitas, como iriam ser distribu\u00eddas e defender os interesses dos clubes. N\u00e3o somos representativos de ningu\u00e9m. Sabemos da import\u00e2ncia que temos no panorama nacional, bem como os tr\u00eas grandes e o Sp. Braga tamb\u00e9m. E agora vamos debater isto com os restantes clubes&#8221;, acrescentou, antes de abordar as conclus\u00f5es do encontro com o Conselho de Arbitragem (CA), ap\u00f3s ser questionado se recebeu alguma garantia dos mesmos.<\/p>\n<p><img decoding=\"async\" class=\"ngx-body\" guid=\"9b28d7ec-10e3-4b01-bf82-5ff8649abfa6\" src=\"https:\/\/www.europesays.com\/pt\/wp-content\/uploads\/2025\/11\/1763825420_382_image.webp\" width=\"100%\"\/><img decoding=\"async\" class=\"ngx-body\" guid=\"2d9f22fe-53a6-433f-b123-ed04f4201f3e\" src=\"https:\/\/www.europesays.com\/pt\/wp-content\/uploads\/2025\/11\/1763825421_431_image.webp\" width=\"100%\"\/><\/p>\n<p data-remotead-prev-elm=\"true\" data-remotead-elm-id=\"centro1\">&#8220;Garantia n\u00e3o, houve uma explica\u00e7\u00e3o relativamente aos lances, \u00e0 situa\u00e7\u00e3o atual da arbitragem. Claro est\u00e1 que nestes tempos recentes temos constatado a transpar\u00eancia com a qual o CA, o seu presidente e diretor t\u00e9cnico nacional querem atuar. Iremos ver como s\u00e3o os desenvolvimentos nas pr\u00f3ximas jornadas e se h\u00e1 melhorias relativamente \u00e0 arbitragem. Melhores crit\u00e9rios, decis\u00f5es, ter alguma uniformidade&#8221;, come\u00e7ou por referir o l\u00edder dos drag\u00f5es antes de voltar ao tema.<\/p>\n<p>&#8220;O que o F. C. Porto entende \u00e9 que n\u00e3o h\u00e1 uniformidade de crit\u00e9rios, h\u00e1 dualidade. E depois parece-me evidente que n\u00e3o h\u00e1 uma forma clara de comunicar com a opini\u00e3o p\u00fablica. No nosso entendimento, h\u00e1 determinados analistas que s\u00e3o usados como ve\u00edculo transmissor de mensagens da dire\u00e7\u00e3o t\u00e9cnica da arbitragem, que acho que n\u00e3o est\u00e3o a ser totalmente imparciais. Portanto, fizemos a nossa observa\u00e7\u00e3o, o nosso alerta ao presidente da Federa\u00e7\u00e3o e ao presidente do CA, e estamos em pr\u00e9-aviso para as pr\u00f3ximas arbitragens. Evidentemente h\u00e1 o direito ao erro, a errar, mas o F. C. Porto luta pela uniformidade de crit\u00e9rios e tem sido prejudicado em alguns jogos e lances de car\u00e1ter duvidoso. Neste caso, fizemos a nossa an\u00e1lise, debatemos com o presidente do CA em sede de Federa\u00e7\u00e3o e veremos se h\u00e1 melhorias. O prop\u00f3sito \u00e9 de melhorias, foi isso que foi prometido. Agora iremos aguardar&#8221;, real\u00e7ou.<\/p>\n<p><img decoding=\"async\" class=\"ngx-body\" guid=\"6f0d63a4-ecc2-4930-98f6-82561b78a74d\" src=\"https:\/\/www.europesays.com\/pt\/wp-content\/uploads\/2025\/11\/1763825421_146_image.webp\" width=\"100%\"\/><img decoding=\"async\" class=\"ngx-body\" guid=\"29ad5a32-29af-4411-84bc-d5e75e0c91ea\" src=\"https:\/\/www.europesays.com\/pt\/wp-content\/uploads\/2025\/11\/1763825422_790_image.webp\" width=\"100%\"\/><img decoding=\"async\" class=\"ngx-body\" guid=\"3099b25d-59a6-4ee3-8874-e254dd01223b\" src=\"https:\/\/www.europesays.com\/pt\/wp-content\/uploads\/2025\/11\/1763825423_820_image.webp\" width=\"100%\"\/><br \/>Fotos: Carlos Carneiro<\/p>\n<p data-remotead-prev-elm=\"true\" data-remotead-elm-id=\"centro2\">A reuni\u00e3o desta sexta-feira, na Cidade do Futebol, marcou o reencontro entre Andr\u00e9 Villas-Boas e Frederico Varandas, depois das duras trocas de palavras e acusa\u00e7\u00f5es recentes entre os presidentes do F. C. Porto e do Sporting.<\/p>\n<p>&#8220;H\u00e1 um posicionamento muito claro de cada um dos presidentes relativamente \u00e0 defesa dos seus interesses. Eu sou respons\u00e1vel pelos do F. C. Porto e ele pelos do Sporting. A partir deste momento, h\u00e1 uma defesa dos interesses do futebol portugu\u00eas e dos seus clubes e sociedades. E isso \u00e9 uma premissa para termos uma responsabilidade maior em defender os interesses do futebol portugu\u00eas, nomeadamente \u00e0 medida que nos aproximamos da centraliza\u00e7\u00e3o dos audiovisuais. \u00c9 importante estabelecer metas, ter crit\u00e9rios e estrat\u00e9gias para valorizar o futebol portugu\u00eas. Nesta fase, vivemos recentemente um clima bastante tenso, de ataques de parte a parte&#8221;, reconheceu Villas-Boas, admitindo alguma expetativa para ver como a situa\u00e7\u00e3o evolui e deixando uma cr\u00edtica velada a Varandas.<\/p>\n<p>&#8220;H\u00e1 um clarificar das situa\u00e7\u00f5es e vamos ver como as rela\u00e7\u00f5es progridem daqui para a frente. Esta reuni\u00e3o tem o seu impacto e significado tendo em conta o que aconteceu recentemente, portanto h\u00e1 aqui uma limpeza de ares, de certa forma. E agora vamos ver como progredimos nos pr\u00f3ximos meses, sabendo que cada um luta pelos pr\u00f3prios interesses. Mas h\u00e1 determinadas linhas de respeito que n\u00e3o devem ser ultrapassadas. Tem algum significado voltarmos a estar sentados \u00e0 mesa e a partir de agora vamos ver como as coisas progridem&#8221;, disse.<\/p>\n<p>&#8220;Assembleia geral dita as leis do futuro do F. C. Porto&#8221;<\/p>\n<p data-remotead-prev-elm=\"true\" data-remotead-elm-id=\"centro3\">O F. C. Porto realiza, este s\u00e1bado, uma Assembleia Geral (AG) onde v\u00e3o ser votados os recursos apresentados por Sandra Madureira, V\u00edtor &#8220;Aleixo&#8221; e V\u00edtor &#8220;Cat\u00e3o&#8221;, que foram expulsos de s\u00f3cios pelo Conselho Fiscal e Disciplinar na sequ\u00eancia dos incidentes registados na AG de dezembro de 2023. Questionado sobre o tema, Villas-Boas n\u00e3o se alongou em coment\u00e1rios: &#8220;A AG ir\u00e1 ouvir os recursos por parte dos associados relativamente \u00e0 proposta de exclus\u00e3o. A AG \u00e9 magna, dita as leis do que \u00e9 o futuro do FC Porto e assim decidir\u00e1 sobre esse tema tamb\u00e9m&#8221;.<\/p>\n<p>Depois da paragem para os compromissos das sele\u00e7\u00f5es, o futebol de clubes est\u00e1 de volta, com o F. C. Porto a defrontar, este s\u00e1bado, o Sintrense, na quarta eliminat\u00f3ria da Ta\u00e7a de Portugal, j\u00e1 de olho, tamb\u00e9m, no regresso do campeonato e da Liga Europa.<\/p>\n<p>&#8220;Um ciclo bastante exigente a n\u00edvel de calend\u00e1rio, diversos jogos das diversas competi\u00e7\u00f5es. O compromisso do F. C. Porto \u00e9 com a vit\u00f3ria e tem sido esse o compromisso desta equipa, que nos tem encantado com o seu foco e sentido de responsabilidade, desde o in\u00edcio. Temos dado passos bons e importantes, mas ainda h\u00e1 um longo caminho a percorrer at\u00e9 ao t\u00edtulo [nacional] e a v\u00e1rios outros. Temos de ter os p\u00e9s bem assentes no ch\u00e3o, continuar a apoiar a equipa nesta fase&#8221;, pediu, agradecendo o apoio dos adeptos e destacando o crescimento do n\u00famero de s\u00f3cios ao dar os parab\u00e9ns aos 25 anos da casa do F. C. Porto de Vale de Cambra.<\/p>\n<p>&#8220;\u00c9 um momento importante para esta casa, para todos os que apoiam o F. C. Porto. S\u00e3o 25 anos, \u00e9 um anivers\u00e1rio muito especial e \u00e9 importante para n\u00f3s registar estes momentos num dia onde publicamos tamb\u00e9m o recente crescimento associativo do F. C. Porto: em cinco meses ganhou 16 mil s\u00f3cios. E todas estas din\u00e2micas que as casas imprimem s\u00e3o fundamentais para o F. C. Porto aumentar a sua massa associativa e crescimento&#8221;, destacou Villas-Boas.<\/p>\n","protected":false},"excerpt":{"rendered":"&#8220;Foi cordial. Um encontro construtivo, digamos que um reencontro destes quatro presidentes com o presidente da FPF. Relativamente&hellip;\n","protected":false},"author":2,"featured_media":161240,"comment_status":"","ping_status":"","sticky":false,"template":"","format":"standard","meta":{"footnotes":""},"categories":[87],"tags":[3073,135,20558,32,33,134],"class_list":{"0":"post-161239","1":"post","2":"type-post","3":"status-publish","4":"format-standard","5":"has-post-thumbnail","7":"category-desporto","8":"tag-andre-villas-boas","9":"tag-desporto","10":"tag-f-c-porto","11":"tag-portugal","12":"tag-pt","13":"tag-sports"},"share_on_mastodon":{"url":"https:\/\/pubeurope.com\/@pt\/115594070259510951","error":""},"_links":{"self":[{"href":"https:\/\/www.europesays.com\/pt\/wp-json\/wp\/v2\/posts\/161239","targetHints":{"allow":["GET"]}}],"collection":[{"href":"https:\/\/www.europesays.com\/pt\/wp-json\/wp\/v2\/posts"}],"about":[{"href":"https:\/\/www.europesays.com\/pt\/wp-json\/wp\/v2\/types\/post"}],"author":[{"embeddable":true,"href":"https:\/\/www.europesays.com\/pt\/wp-json\/wp\/v2\/users\/2"}],"replies":[{"embeddable":true,"href":"https:\/\/www.europesays.com\/pt\/wp-json\/wp\/v2\/comments?post=161239"}],"version-history":[{"count":0,"href":"https:\/\/www.europesays.com\/pt\/wp-json\/wp\/v2\/posts\/161239\/revisions"}],"wp:featuredmedia":[{"embeddable":true,"href":"https:\/\/www.europesays.com\/pt\/wp-json\/wp\/v2\/media\/161240"}],"wp:attachment":[{"href":"https:\/\/www.europesays.com\/pt\/wp-json\/wp\/v2\/media?parent=161239"}],"wp:term":[{"taxonomy":"category","embeddable":true,"href":"https:\/\/www.europesays.com\/pt\/wp-json\/wp\/v2\/categories?post=161239"},{"taxonomy":"post_tag","embeddable":true,"href":"https:\/\/www.europesays.com\/pt\/wp-json\/wp\/v2\/tags?post=161239"}],"curies":[{"name":"wp","href":"https:\/\/api.w.org\/{rel}","templated":true}]}}