{"id":161241,"date":"2025-11-22T15:31:29","date_gmt":"2025-11-22T15:31:29","guid":{"rendered":"https:\/\/www.europesays.com\/pt\/161241\/"},"modified":"2025-11-22T15:31:29","modified_gmt":"2025-11-22T15:31:29","slug":"nova-pesquisa-acende-alerta-sobre-possivel-relacao","status":"publish","type":"post","link":"https:\/\/www.europesays.com\/pt\/161241\/","title":{"rendered":"nova pesquisa acende alerta sobre poss\u00edvel rela\u00e7\u00e3o"},"content":{"rendered":"<p>A liga\u00e7\u00e3o entre <strong>cabelos grisalhos e c\u00e2ncer<\/strong> pode ser muito mais profunda do que se imaginava. Embora os fios brancos sejam, para muitos, apenas um sinal do avan\u00e7o da idade, novas pesquisas mostram que eles podem refletir um processo interno de prote\u00e7\u00e3o do organismo contra tumores perigosos, como o melanoma.<\/p>\n<p><a class=\"gofollow\" data-track=\"MTIsNCw2MA==\" href=\"https:\/\/linktr.ee\/Sicoobmaxicredito?fbclid=PAZXh0bgNhZW0CMTEAc3J0YwZhcHBfaWQMMjU2MjgxMDQwNTU4CGNhbGxzaXRlAjE1AAGnMiZRuWVSsnTF4YH6vmZvhVeSuyWecyeZ9hlbeDOkAyxXkXEvVKNQFanALWo_aem_QkSGsH0IWE4BwR8S8rWmtQ\" rel=\"nofollow noopener\" target=\"_blank\"><img loading=\"lazy\" decoding=\"async\" width=\"2500\" height=\"625\" src=\"https:\/\/www.europesays.com\/pt\/wp-content\/uploads\/2025\/11\/Sicoob-Vem-ser-Sicoob_Digital_1200x300px-novembro-2025.webp.webp\"\/><\/a><\/p>\n<p>Um estudo recente com camundongos revelou que o surgimento dos fios prateados est\u00e1 associado \u00e0 forma como o corpo lida com danos celulares \u2014 mecanismos fundamentais tanto no envelhecimento quanto no desenvolvimento de <strong>c\u00e2nceres<\/strong>.<\/p>\n<p>Como os Fios Perdem Cor e o Que Isso Revela Sobre o Corpo <\/p>\n<p>Dentro de cada fol\u00edculo capilar vivem as c\u00e9lulas-tronco de melan\u00f3citos. Elas s\u00e3o respons\u00e1veis por repor os melan\u00f3citos, que s\u00e3o as c\u00e9lulas que produzem o pigmento que d\u00e1 cor ao cabelo e \u00e0 pele. Em ciclos naturais, essas c\u00e9lulas garantem que a cor do nosso cabelo se mantenha ao longo dos anos.<\/p>\n<p>Contudo, o DNA dessas c\u00e9lulas \u00e9 constantemente agredido por fatores como radia\u00e7\u00e3o UV, subst\u00e2ncias qu\u00edmicas e at\u00e9 processos internos do metabolismo. Esses danos podem contribuir tanto para o envelhecimento quanto para o surgimento de <strong>c\u00e2nceres<\/strong>, como o melanoma.<\/p>\n<p>A Senodiferencia\u00e7\u00e3o: O Mecanismo de Sacrif\u00edcio Contra o C\u00e2ncer <\/p>\n<p>Quando essas c\u00e9lulas-tronco sofrem um tipo espec\u00edfico de les\u00e3o \u2014 a chamada quebra de fita dupla no DNA \u2014 elas entram em um processo conhecido como <strong>senodiferencia\u00e7\u00e3o<\/strong>. Nesse mecanismo, acontece o seguinte:<\/p>\n<ul class=\"wp-block-list\">\n<li><strong>As c\u00e9lulas amadurecem de forma irrevers\u00edvel<\/strong> como c\u00e9lulas pigmentares.<\/li>\n<li><strong>Deixam de existir<\/strong> no reservat\u00f3rio do fol\u00edculo.<\/li>\n<\/ul>\n<p>O resultado final \u00e9 que o cabelo vai perdendo pigmento e fica grisalho. Segundo os pesquisadores, esse <strong>\u201cautoapagamento\u201d<\/strong> funciona como um sacrif\u00edcio biol\u00f3gico: a c\u00e9lula danificada escolhe desaparecer em vez de correr o risco de acumular muta\u00e7\u00f5es que poderiam gerar um tumor. \u00c9 uma forma do corpo usar os <strong>cabelos grisalhos como prote\u00e7\u00e3o contra o c\u00e2ncer<\/strong>.<\/p>\n<p>O Mecanismo Protetivo Nem Sempre Funciona <\/p>\n<p>Apesar de ser um poderoso sistema de defesa, esse mecanismo n\u00e3o \u00e9 acionado por todos os tipos de dano.<\/p>\n<p>No estudo, quando os cientistas expuseram as c\u00e9lulas-tronco a fortes agentes cancer\u00edgenos e radia\u00e7\u00e3o UV, houve um comportamento completamente diferente. Em vez de se autoexclu\u00edrem, as c\u00e9lulas danificadas foram incentivadas a se manter ativas \u2014 um ambiente perfeito para o surgimento do melanoma.<\/p>\n<p>Ou seja: a resposta do corpo depende n\u00e3o apenas do dano em si, mas tamb\u00e9m dos sinais moleculares presentes ao redor da c\u00e9lula. Em alguns contextos, os mesmos danos que levariam ao aparecimento de <strong>fios brancos<\/strong> podem, em vez disso, abrir caminho para o <strong>c\u00e2ncer<\/strong>.<\/p>\n<p>Cabelos Grisalhos e Melanoma: Destinos Antag\u00f4nicos da Mesma C\u00e9lula <\/p>\n<p>Os cientistas chamam essa din\u00e2mica de \u201cdestinos antag\u00f4nicos\u201d. A mesma popula\u00e7\u00e3o de c\u00e9lulas-tronco pode seguir dois caminhos totalmente diferentes, baseados nos sinais que recebem:<\/p>\n<ol start=\"1\" class=\"wp-block-list\">\n<li><strong>Eliminar-se (Cabelo Grisalho):<\/strong> Causa os fios brancos, protegendo o corpo de uma poss\u00edvel malignidade.<\/li>\n<li><strong>Persistir com Danos (Risco de Melanoma):<\/strong> Permite que a c\u00e9lula danificada se mantenha ativa, aumentando o risco de melanoma.<\/li>\n<\/ol>\n<p>Essa perspectiva muda a forma como entendemos envelhecimento e <strong>c\u00e2ncer<\/strong>. Os fios brancos passam a ser vistos n\u00e3o apenas como um sinal da idade, mas como o poss\u00edvel efeito de um processo protetivo do organismo.<\/p>\n<p>O Que Ainda Falta Entender sobre o Efeito \u201cCabelos Grisalhos e C\u00e2ncer\u201d <\/p>\n<p>Grande parte das descobertas vem de estudos com camundongos, e os cientistas destacam que ainda \u00e9 preciso investigar como essas c\u00e9lulas funcionam em humanos. Diferen\u00e7as gen\u00e9ticas, h\u00e1bitos de vida e a complexidade do nosso organismo podem alterar esse comportamento.<\/p>\n<p>Ainda assim, os resultados abrem portas para novas pesquisas sobre <strong>preven\u00e7\u00e3o do c\u00e2ncer<\/strong> e sobre os mecanismos que regulam nosso envelhecimento.\n<\/p>\n<p>Uma Nova Forma de Olhar para os Fios Brancos <\/p>\n<p>Essa linha de pesquisa sugere que os <strong>cabelos grisalhos<\/strong> talvez contem uma hist\u00f3ria maior sobre n\u00f3s: a luta constante do corpo para preservar o equil\u00edbrio entre renova\u00e7\u00e3o celular e preven\u00e7\u00e3o de tumores.<\/p>\n<p>Em outras palavras, cada fio branco pode simbolizar uma c\u00e9lula que, literalmente, se sacrificou para proteger o seu organismo.<\/p>\n<p>Quer saber mais sobre sa\u00fade e envelhecimento?<\/p>\n","protected":false},"excerpt":{"rendered":"A liga\u00e7\u00e3o entre cabelos grisalhos e c\u00e2ncer pode ser muito mais profunda do que se imaginava. Embora os&hellip;\n","protected":false},"author":2,"featured_media":161242,"comment_status":"","ping_status":"","sticky":false,"template":"","format":"standard","meta":{"footnotes":"","_share_on_mastodon":"0"},"categories":[86],"tags":[34056,1776,34318,1490,9294,116,5502,32,33,117],"class_list":["post-161241","post","type-post","status-publish","format-standard","has-post-thumbnail","category-saude","tag-cabelos-grisalhos","tag-cancer","tag-celulas-tronco","tag-envelhecimento","tag-estudo-cientifico","tag-health","tag-melanoma","tag-portugal","tag-pt","tag-saude"],"share_on_mastodon":{"url":"https:\/\/pubeurope.com\/@pt\/115594073524234373","error":""},"_links":{"self":[{"href":"https:\/\/www.europesays.com\/pt\/wp-json\/wp\/v2\/posts\/161241","targetHints":{"allow":["GET"]}}],"collection":[{"href":"https:\/\/www.europesays.com\/pt\/wp-json\/wp\/v2\/posts"}],"about":[{"href":"https:\/\/www.europesays.com\/pt\/wp-json\/wp\/v2\/types\/post"}],"author":[{"embeddable":true,"href":"https:\/\/www.europesays.com\/pt\/wp-json\/wp\/v2\/users\/2"}],"replies":[{"embeddable":true,"href":"https:\/\/www.europesays.com\/pt\/wp-json\/wp\/v2\/comments?post=161241"}],"version-history":[{"count":0,"href":"https:\/\/www.europesays.com\/pt\/wp-json\/wp\/v2\/posts\/161241\/revisions"}],"wp:featuredmedia":[{"embeddable":true,"href":"https:\/\/www.europesays.com\/pt\/wp-json\/wp\/v2\/media\/161242"}],"wp:attachment":[{"href":"https:\/\/www.europesays.com\/pt\/wp-json\/wp\/v2\/media?parent=161241"}],"wp:term":[{"taxonomy":"category","embeddable":true,"href":"https:\/\/www.europesays.com\/pt\/wp-json\/wp\/v2\/categories?post=161241"},{"taxonomy":"post_tag","embeddable":true,"href":"https:\/\/www.europesays.com\/pt\/wp-json\/wp\/v2\/tags?post=161241"}],"curies":[{"name":"wp","href":"https:\/\/api.w.org\/{rel}","templated":true}]}}