{"id":161257,"date":"2025-11-22T15:52:15","date_gmt":"2025-11-22T15:52:15","guid":{"rendered":"https:\/\/www.europesays.com\/pt\/161257\/"},"modified":"2025-11-22T15:52:15","modified_gmt":"2025-11-22T15:52:15","slug":"action-com-varios-produtos-incriveis-contra-o-frio-deste-inverno","status":"publish","type":"post","link":"https:\/\/www.europesays.com\/pt\/161257\/","title":{"rendered":"Action com v\u00e1rios produtos incr\u00edveis contra o frio deste Inverno"},"content":{"rendered":"<p>Com a chegada do Inverno, regressam os dias frios, a chuva persistente e a vontade natural de passar mais tempo dentro de casa. Para tornar esta \u00e9poca mais acolhedora, a Action re\u00fane uma sele\u00e7\u00e3o de artigos essenciais que prometem aquecer o lar e melhorar o bem-estar de toda a fam\u00edlia. Entre mantas, <a href=\"https:\/\/www.magazine-hd.com\/apps\/wp\/estante-action-perfeita-colecionadores-lego\/\" target=\"_blank\" rel=\"noopener nofollow\">solu\u00e7\u00f5es<\/a> de aquecimento e acess\u00f3rios de conforto, a marca apresenta propostas acess\u00edveis que tornam o Inverno mais leve e muito mais confort\u00e1vel.<\/p>\n<p>Aquecer o lar com solu\u00e7\u00f5es pr\u00e1ticas e acess\u00edveis<\/p>\n<p>Criar um ambiente verdadeiramente acolhedor \u00e9 o primeiro passo para enfrentar os meses frios. A Action destaca-se pela diversidade de produtos funcionais, pensados para aumentar a sensa\u00e7\u00e3o de bem-estar e manter a casa quente sem grandes investimentos.<\/p>\n<p>Entre as <a href=\"https:\/\/www.magazine-hd.com\/apps\/wp\/action-acaba-lancar-produtos-natal-precos-super-baixos\/\" target=\"_blank\" rel=\"noopener nofollow\">op\u00e7\u00f5es<\/a> mais procuradas encontra-se a\u00a0manta fofa beb\u00e9 (4,99 \u20ac), ideal para quem procura suavidade e calor adicional. Para quem passa muitas horas ao computador ou gosta de relaxar no sof\u00e1, as\u00a0mantas polares Studio Home (7,95 \u20ac)\u00a0surgem como alternativa pr\u00e1tica e econ\u00f3mica.<\/p>\n<p><a data-no-instant=\"1\" href=\"https:\/\/www.imacustica.pt\/pt\/procurar\/?p=1&amp;q=phantom&amp;familias=0&amp;marcas=0&amp;order_by=1&amp;p=1&amp;utm_source=mhd&amp;utm_medium=banner&amp;utm_campaign=phantom&amp;utm_id=phantom_mhd_2025&amp;utm_content=billboard_970x250\" class=\"adv-link\" aria-label=\"Phantom 300X600 off-page\" rel=\"nofollow noopener\" target=\"_blank\"><img loading=\"lazy\" decoding=\"async\" src=\"data:image\/svg+xml,%3Csvg%20xmlns=\" http:=\"\" alt=\"\" data-lazy- data-lazy- width=\"970\" height=\"250\" style=\" max-width: 100%; height: auto;\" data-lazy-src=\"https:\/\/www.europesays.com\/pt\/wp-content\/uploads\/2025\/11\/phantom-300x600-off-page.jpg\"\/><\/a><\/p>\n<p>Al\u00e9m destas, a Action apresenta solu\u00e7\u00f5es mais t\u00e9cnicas, como o secador de cal\u00e7ado (27,95 \u20ac), perfeito para garantir que sapatos e botas secam rapidamente nos dias de chuva. Outra proposta \u00e9 a cortina t\u00e9rmica (14,95 \u20ac), que ajuda a isolar as divis\u00f5es e a manter a temperatura interior mais est\u00e1vel.<\/p>\n<p>Para quem <a href=\"https:\/\/www.magazine-hd.com\/apps\/wp\/rival-da-action-e-normal-com-dezenas-de-produtos-de-natal-em-promocao\/\" target=\"_blank\" rel=\"noopener nofollow\">procura<\/a> um impulso r\u00e1pido de calor, o termoventilador Tristar (12,99 \u20ac) oferece pot\u00eancia compacta num design simples e eficiente. E, como complemento cl\u00e1ssico que nunca dececiona \u00e9 a botija de \u00e1gua quente (3,95 \u20ac).<\/p>\n<p>Conforto e bem-estar para enfrentar o frio<\/p>\n<p>Com as temperaturas a descer, o conforto pessoal torna-se ainda mais essencial. A Action amplia a sua oferta com produtos destinados a manter o corpo quente tanto dentro como fora de casa. Esta variedade garante que cada membro da fam\u00edlia encontra o apoio necess\u00e1rio para enfrentar o frio sem comprometer o conforto.<\/p>\n<p>O\u00a0gorro Thermolate (2,29 \u20ac)\u00a0destaca-se pela capacidade de reten\u00e7\u00e3o de calor e pelo pre\u00e7o extremamente competitivo. J\u00e1 quem prefere uma camada extra de aquecimento no dia a dia encontra no\u00a0casaco de malha polar (10,99 \u20ac)\u00a0uma solu\u00e7\u00e3o leve, suave e eficiente.<\/p>\n<p>Para quem precisa de enfrentar o frio exterior com mais prote\u00e7\u00e3o, os collants polares (5,95 \u20ac) s\u00e3o uma alternativa pr\u00e1tica. Da mesma forma a Action inclui as pantufas (6,99 \u20ac), pe\u00e7as que garantem p\u00e9s quentes em pisos frios, ideais para casas com mosaico ou madeira.<\/p>\n<p>\u00c0 noite, o conforto continua com o pijama felpudo (8,99 \u20ac), um essencial de Inverno que combina suavidade e calor sem pesar no or\u00e7amento. Al\u00e9m disso, para os mais pequenos, as luvas para crian\u00e7a (1,69 \u20ac) garantem prote\u00e7\u00e3o adicional nos dias de vento e frio, assegurando que o bem-estar acompanha toda a <a href=\"https:\/\/www.magazine-hd.com\/apps\/wp\/action-acaba-lancar-mega-promocao-artigos-natal\/\" target=\"_blank\" rel=\"noopener nofollow\">fam\u00edlia<\/a>.<\/p>\n<p>Uma sele\u00e7\u00e3o da Action pensada para um Inverno mais aconchegante<\/p>\n<p>Cada artigo cumpre uma fun\u00e7\u00e3o clara e contribui para criar um ambiente mais acolhedor em casa, ao mesmo tempo que oferece <a href=\"https:\/\/www.magazine-hd.com\/apps\/wp\/primaprix-rival-action-normal-abre-nova-loja-portugal\/\" target=\"_blank\" rel=\"noopener nofollow\">solu\u00e7\u00f5es<\/a> eficazes para o dia a dia no exterior.<\/p>\n<p>Nesse sentido fica mais f\u00e1cil transformar os dias frios em momentos de relaxamento, bem-estar e calor humano. E, assim, ficar em casa nunca soube t\u00e3o bem.<\/p>\n<p>\n        About The Author<\/p>\n<p>                <a href=\"https:\/\/www.magazine-hd.com\/apps\/wp\/author\/dpassos\/\" rel=\"nofollow noopener\" target=\"_blank\"><img loading=\"lazy\" decoding=\"async\" width=\"150\" height=\"150\" src=\"data:image\/svg+xml,%3Csvg%20xmlns=\" http:=\"\" class=\"avatar avatar-150 photo\" alt=\"\" data-lazy- data-lazy- data-lazy-src=\"https:\/\/www.europesays.com\/pt\/wp-content\/uploads\/2025\/10\/dp-150x150.jpg\"\/><\/a><\/p>\n<p>                    <a href=\"https:\/\/www.magazine-hd.com\/apps\/wp\/author\/dpassos\/\" rel=\"nofollow noopener\" target=\"_blank\">David Passos<\/a><\/p>\n<p>Licenciado em Antropologia, Mestre em Gest\u00e3o da Cultural pelo ISCTE-IUL, e P\u00f3s-graduado em Estudos Visuais: Fotografia e P\u00f3s-Cinema na FCSH. \u00c9 fot\u00f3grafo e cineasta, tendo estreado a sua segunda curta-metragem, \u201cTraz Chuva\u201d, no Cinema S\u00e3o Jorge, em Lisboa. Faz parte da MHD desde 2022, sendo atualmente redator e Coordenador de M\u00fasica. Tem interesse numa grande variedade de assuntos, desde m\u00fasica, a gaming, cinema, literatura e televis\u00e3o. Especialista em LEGO e Senhor dos An\u00e9is.<\/p>\n<p>\t\t<\/p>\n","protected":false},"excerpt":{"rendered":"Com a chegada do Inverno, regressam os dias frios, a chuva persistente e a vontade natural de passar&hellip;\n","protected":false},"author":2,"featured_media":20672,"comment_status":"","ping_status":"","sticky":false,"template":"","format":"standard","meta":{"footnotes":""},"categories":[85],"tags":[7575,2402,114,115,7189,7561,32,9883,2406,33],"class_list":{"0":"post-161257","1":"post","2":"type-post","3":"status-publish","4":"format-standard","5":"has-post-thumbnail","7":"category-entretenimento","8":"tag-action","9":"tag-descontos","10":"tag-entertainment","11":"tag-entretenimento","12":"tag-inverno","13":"tag-natal","14":"tag-portugal","15":"tag-produtos","16":"tag-promocao","17":"tag-pt"},"share_on_mastodon":{"url":"https:\/\/pubeurope.com\/@pt\/115594155990012494","error":""},"_links":{"self":[{"href":"https:\/\/www.europesays.com\/pt\/wp-json\/wp\/v2\/posts\/161257","targetHints":{"allow":["GET"]}}],"collection":[{"href":"https:\/\/www.europesays.com\/pt\/wp-json\/wp\/v2\/posts"}],"about":[{"href":"https:\/\/www.europesays.com\/pt\/wp-json\/wp\/v2\/types\/post"}],"author":[{"embeddable":true,"href":"https:\/\/www.europesays.com\/pt\/wp-json\/wp\/v2\/users\/2"}],"replies":[{"embeddable":true,"href":"https:\/\/www.europesays.com\/pt\/wp-json\/wp\/v2\/comments?post=161257"}],"version-history":[{"count":0,"href":"https:\/\/www.europesays.com\/pt\/wp-json\/wp\/v2\/posts\/161257\/revisions"}],"wp:featuredmedia":[{"embeddable":true,"href":"https:\/\/www.europesays.com\/pt\/wp-json\/wp\/v2\/media\/20672"}],"wp:attachment":[{"href":"https:\/\/www.europesays.com\/pt\/wp-json\/wp\/v2\/media?parent=161257"}],"wp:term":[{"taxonomy":"category","embeddable":true,"href":"https:\/\/www.europesays.com\/pt\/wp-json\/wp\/v2\/categories?post=161257"},{"taxonomy":"post_tag","embeddable":true,"href":"https:\/\/www.europesays.com\/pt\/wp-json\/wp\/v2\/tags?post=161257"}],"curies":[{"name":"wp","href":"https:\/\/api.w.org\/{rel}","templated":true}]}}