{"id":161261,"date":"2025-11-22T16:00:25","date_gmt":"2025-11-22T16:00:25","guid":{"rendered":"https:\/\/www.europesays.com\/pt\/161261\/"},"modified":"2025-11-22T16:00:25","modified_gmt":"2025-11-22T16:00:25","slug":"friends-xuxa-revela-amizade-intima-com-mariah-carey-me-manda-mensagem","status":"publish","type":"post","link":"https:\/\/www.europesays.com\/pt\/161261\/","title":{"rendered":"Friends! Xuxa revela amizade \u00edntima com Mariah Carey: \u201cMe manda mensagem\u201d"},"content":{"rendered":"<p>Xuxa Meneghel revelou detalhes da rela\u00e7\u00e3o pr\u00f3xima que mant\u00e9m com Mariah Carey durante participa\u00e7\u00e3o no programa Ambulat\u00f3rio da Moda, apresentado por Gabb. A apresentadora contou que a cantora norte-americana sempre faz quest\u00e3o de procur\u00e1-la quando vem ao Brasil.<\/p>\n<p>\u201cTodas as vezes que a Mariah vem ao Brasil, todas as vezes, ela manda mensagem para mim que ela quer me ver, almo\u00e7ar comigo\u201d, disse.<\/p>\n<p>A apresentadora tamb\u00e9m relembrou uma situa\u00e7\u00e3o envolvendo Ivete Sangalo, grande admiradora de Mariah. Segundo Xuxa, quando a diva internacional esteve no pa\u00eds, Ivete participou de um encontro entre elas.<\/p>\n<p>\u201cEu levei a Ivete nessa \u00e9poca porque ela sempre gostou dela e ela ficava como se estivesse gravando, filmando, porque precisava parecer que era da minha equipe\u201d, contou. Depois, Xuxa apresentou Ivete para Mariah como uma das grandes artistas brasileiras.<\/p>\n<p>Por fim, Xuxa recordou um epis\u00f3dio simb\u00f3lico que marcou uma das visitas da cantora ao Brasil. Durante uma conversa no jardim da Casa Rosa, onde Mariah divulgava o \u00e1lbum da borboleta, uma coincid\u00eancia chamou aten\u00e7\u00e3o.<\/p>\n<p>\u201cEla estava falando comigo no jardim, uma borboleta n\u00e3o pousou nela? E ela ficou assim: \u2018Oh look Xuxa, look\u2019. E era uma baita de uma borboleta. Eu fiquei: \u2018Cara, eu n\u00e3o estou acreditando nisso\u2019. A borboleta foi para coroar a mulher\u201d, disse, rindo.<\/p>\n","protected":false},"excerpt":{"rendered":"Xuxa Meneghel revelou detalhes da rela\u00e7\u00e3o pr\u00f3xima que mant\u00e9m com Mariah Carey durante participa\u00e7\u00e3o no programa Ambulat\u00f3rio da&hellip;\n","protected":false},"author":2,"featured_media":161262,"comment_status":"","ping_status":"","sticky":false,"template":"","format":"standard","meta":{"footnotes":""},"categories":[145],"tags":[211,210,114,115,32,33],"class_list":{"0":"post-161261","1":"post","2":"type-post","3":"status-publish","4":"format-standard","5":"has-post-thumbnail","7":"category-celebridades","8":"tag-celebridades","9":"tag-celebrities","10":"tag-entertainment","11":"tag-entretenimento","12":"tag-portugal","13":"tag-pt"},"share_on_mastodon":{"url":"https:\/\/pubeurope.com\/@pt\/115594187462352485","error":""},"_links":{"self":[{"href":"https:\/\/www.europesays.com\/pt\/wp-json\/wp\/v2\/posts\/161261","targetHints":{"allow":["GET"]}}],"collection":[{"href":"https:\/\/www.europesays.com\/pt\/wp-json\/wp\/v2\/posts"}],"about":[{"href":"https:\/\/www.europesays.com\/pt\/wp-json\/wp\/v2\/types\/post"}],"author":[{"embeddable":true,"href":"https:\/\/www.europesays.com\/pt\/wp-json\/wp\/v2\/users\/2"}],"replies":[{"embeddable":true,"href":"https:\/\/www.europesays.com\/pt\/wp-json\/wp\/v2\/comments?post=161261"}],"version-history":[{"count":0,"href":"https:\/\/www.europesays.com\/pt\/wp-json\/wp\/v2\/posts\/161261\/revisions"}],"wp:featuredmedia":[{"embeddable":true,"href":"https:\/\/www.europesays.com\/pt\/wp-json\/wp\/v2\/media\/161262"}],"wp:attachment":[{"href":"https:\/\/www.europesays.com\/pt\/wp-json\/wp\/v2\/media?parent=161261"}],"wp:term":[{"taxonomy":"category","embeddable":true,"href":"https:\/\/www.europesays.com\/pt\/wp-json\/wp\/v2\/categories?post=161261"},{"taxonomy":"post_tag","embeddable":true,"href":"https:\/\/www.europesays.com\/pt\/wp-json\/wp\/v2\/tags?post=161261"}],"curies":[{"name":"wp","href":"https:\/\/api.w.org\/{rel}","templated":true}]}}