{"id":161275,"date":"2025-11-22T16:21:18","date_gmt":"2025-11-22T16:21:18","guid":{"rendered":"https:\/\/www.europesays.com\/pt\/161275\/"},"modified":"2025-11-22T16:21:18","modified_gmt":"2025-11-22T16:21:18","slug":"cuba-enfrenta-epidemia-de-chikungunya-e-outras-arboviroses","status":"publish","type":"post","link":"https:\/\/www.europesays.com\/pt\/161275\/","title":{"rendered":"Cuba enfrenta epidemia de chikungunya e outras arboviroses"},"content":{"rendered":"<p>Cuba enfrenta uma epidemia de arboviroses que, at\u00e9 o momento, j\u00e1 afetou mais de um ter\u00e7o da popula\u00e7\u00e3o, com doen\u00e7as como dengue, chikungunya e o v\u00edrus Oropouche nos \u00faltimos meses. De acordo com informa\u00e7\u00f5es divulgadas nesta quarta-feira (19) pelas autoridades sanit\u00e1rias do pa\u00eds, mais de 47.100 pessoas seguem internadas em decorr\u00eancia dessas enfermidades.<\/p>\n<p>Diante da gravidade da situa\u00e7\u00e3o, as autoridades come\u00e7aram a implementar um protocolo de a\u00e7\u00e3o semelhante ao utilizado durante a pandemia de COVID-19. Diariamente, o diretor nacional de Epidemiologia do Minist\u00e9rio da Sa\u00fade P\u00fablica atualiza, nos meios de comunica\u00e7\u00e3o, a curva de cont\u00e1gio no pa\u00eds e a ocupa\u00e7\u00e3o hospitalar.<\/p>\n<p>Tamb\u00e9m foi ativado um comit\u00ea cient\u00edfico formado por equipes multidisciplinares para aplicar e monitorar as medidas sanit\u00e1rias, al\u00e9m de pesquisar e testar tratamentos. A popula\u00e7\u00e3o foi dividida em faixas et\u00e1rias para uma eventual aplica\u00e7\u00e3o de vacinas ou medicamentos.<\/p>\n<p>Em uma recente interven\u00e7\u00e3o televisiva de car\u00e1ter urgente, o diretor nacional de Epidemiologia, Francisco Dur\u00e1n, classificou a situa\u00e7\u00e3o como \u201cuma epidemia\u201d e detalhou que, segundo proje\u00e7\u00f5es do Minist\u00e9rio da Sa\u00fade P\u00fablica (Minsap), mais de 30% da popula\u00e7\u00e3o cubana foi exposta a algum tipo de arbovirose \u2014 n\u00famero que pode ser ainda maior devido aos casos de pessoas que n\u00e3o procuram atendimento m\u00e9dico. Dur\u00e1n afirmou que este \u00e9 o \u201cprincipal problema de sa\u00fade\u201d da ilha.<\/p>\n<p>Os cont\u00e1gios se espalharam por praticamente todo o pa\u00eds. Treze das quinze prov\u00edncias apresentam atualmente \u201calta concentra\u00e7\u00e3o de dengue\u201d, segundo o Minsap. Havana, Matanzas e Cienfuegos s\u00e3o as prov\u00edncias com o maior n\u00famero de casos e maior risco de cont\u00e1gio.<\/p>\n<p>A quantidade de casos de chikungunya e do v\u00edrus Oropouche faz com que Cuba seja o pa\u00eds com mais registros por 100 mil habitantes em todo o continente, segundo dados da Organiza\u00e7\u00e3o Pan-Americana da Sa\u00fade.<\/p>\n<p>A complexidade da situa\u00e7\u00e3o \u00e9 agravada pela grave crise econ\u00f4mica que o pa\u00eds enfrenta, o que limita seriamente sua capacidade de resposta. Isso se tornou ainda pior ap\u00f3s a passagem do furac\u00e3o Melissa, no final de outubro, que destruiu mais de <a href=\"https:\/\/www.brasildefato.com.br\/2025\/11\/11\/cuba-mais-de-90-mil-casas-destruidas-e-cerca-de-100-mil-hectares-de-alimentos-devastados-por-melissa\/\" title=\"\" rel=\"nofollow noopener\" target=\"_blank\">90 mil casas e cerca de 100 mil hectares de planta\u00e7\u00f5es<\/a>. Nesse cen\u00e1rio, as enchentes \u2014 que ainda persistem no leste do pa\u00eds \u2014 e a destrui\u00e7\u00e3o de pr\u00e9dios facilitam a prolifera\u00e7\u00e3o de mosquitos e dificultam o controle sanit\u00e1rio.<\/p>\n<p>O primeiro surto ocorreu em julho passado, na prov\u00edncia de Matanzas, no oeste da ilha. Desde ent\u00e3o, expandiu-se por praticamente todo o territ\u00f3rio.<\/p>\n<p>As autoridades sanit\u00e1rias informaram que os equipamentos usados nas campanhas de fumac\u00ea est\u00e3o em \u201cestado de deteriora\u00e7\u00e3o\u201d, o que tem dificultado as a\u00e7\u00f5es de preven\u00e7\u00e3o. Segundo explicaram, a maioria desses equipamentos n\u00e3o p\u00f4de ser importada, ou enfrentou dificuldades para isso, devido <a href=\"https:\/\/www.brasildefato.com.br\/2025\/10\/29\/onu-condena-pela-33a-vez-bloqueio-dos-eua-contra-cuba-resolucao-tem-165-votos-a-favor\/\" title=\"\" rel=\"nofollow noopener\" target=\"_blank\">ao bloqueio imposto pelos Estados Unidos<\/a>.<\/p>\n<p>Apesar disso, o Estado cubano anunciou diferentes estrat\u00e9gias para conter a expans\u00e3o das doen\u00e7as. O governo comunicou o in\u00edcio da produ\u00e7\u00e3o nacional de um repelente natural feito \u00e0 base de extratos de nim e capim-lim\u00e3o. Paralelamente, a popula\u00e7\u00e3o foi mobilizada por meio das chamadas organiza\u00e7\u00f5es de massa \u2014 sindicatos, entidades estudantis, juvenis e comunit\u00e1rias \u2014 para realizar mutir\u00f5es de coleta de lixo e opera\u00e7\u00f5es de fumac\u00ea, com o objetivo de reduzir os criadouros de mosquitos nos bairros mais afetados.<\/p>\n<p>O que s\u00e3o arboviroses?<\/p>\n<p>Arboviroses \u00e9 o termo usado para \u201cv\u00edrus transmitidos por artr\u00f3podes\u201d. Trata-se de um conjunto de doen\u00e7as infecciosas causadas principalmente pela picada de mosquitos infectados. Algumas delas incluem dengue, chikungunya, zika e febre amarela. S\u00e3o enfermidades que apresentam sintomas muito semelhantes \u2014 como febre, dor de cabe\u00e7a e dores articulares e musculares \u2014, o que frequentemente dificulta o diagn\u00f3stico diferencial.<\/p>\n<p>Devido ao calor e \u00e0s chuvas, os climas tropicais e subtropicais favorecem a expans\u00e3o dos mosquitos transmissores. Nos \u00faltimos anos, as mudan\u00e7as clim\u00e1ticas t\u00eam se consolidado como um \u201cmotor de expans\u00e3o\u201d cr\u00edtico para essas doen\u00e7as. O aumento das temperaturas m\u00e9dias permite que os vetores, especialmente o Aedes aegypti, sobrevivam e formem col\u00f4nias em \u00e9pocas ou regi\u00f5es antes hostis por causa do frio.<\/p>\n<p>Ao mesmo tempo, o calor acelera o ciclo reprodutivo do mosquito e encurta o per\u00edodo de incuba\u00e7\u00e3o extr\u00ednseco (PIE) do v\u00edrus dentro do inseto. Isso significa que o mosquito adquire o v\u00edrus e se torna infeccioso em menos tempo, aumentando sua capacidade de transmiss\u00e3o e ampliando a janela anual de circula\u00e7\u00e3o.<\/p>\n<p>Fen\u00f4menos clim\u00e1ticos extremos \u2014 <a href=\"https:\/\/www.brasildefato.com.br\/2025\/11\/07\/furacao-melissa-deixa-centenas-de-desabrigados-destroi-plantacoes-e-piora-crise-humana-no-haiti\/\" title=\"\" rel=\"nofollow noopener\" target=\"_blank\">como furac\u00f5es, cada vez mais frequentes<\/a> \u2014 tamb\u00e9m geram enchentes e destrui\u00e7\u00e3o que favorecem a expans\u00e3o desses mosquitos e, consequentemente, das doen\u00e7as.<\/p>\n<p>A dissemina\u00e7\u00e3o dessas enfermidades na Am\u00e9rica Latina e no Caribe \u00e9 um desafio persistente. No final de agosto deste ano, a Organiza\u00e7\u00e3o Pan-Americana da Sa\u00fade (Opas) emitiu um alerta epidemiol\u00f3gico sobre surtos localizados de chikungunya e a circula\u00e7\u00e3o sustentada do v\u00edrus Oropouche em v\u00e1rios pa\u00edses das Am\u00e9ricas. A entidade destacou que a circula\u00e7\u00e3o simult\u00e2nea de m\u00faltiplas arboviroses \u2014 fen\u00f4meno conhecido como cocircula\u00e7\u00e3o \u2014 aumenta significativamente o risco de complica\u00e7\u00f5es e mortalidade, especialmente entre crian\u00e7as, idosos e pessoas com comorbidades.<\/p>\n","protected":false},"excerpt":{"rendered":"Cuba enfrenta uma epidemia de arboviroses que, at\u00e9 o momento, j\u00e1 afetou mais de um ter\u00e7o da popula\u00e7\u00e3o,&hellip;\n","protected":false},"author":2,"featured_media":161276,"comment_status":"","ping_status":"","sticky":false,"template":"","format":"standard","meta":{"footnotes":""},"categories":[86],"tags":[116,32,33,117],"class_list":{"0":"post-161275","1":"post","2":"type-post","3":"status-publish","4":"format-standard","5":"has-post-thumbnail","7":"category-saude","8":"tag-health","9":"tag-portugal","10":"tag-pt","11":"tag-saude"},"share_on_mastodon":{"url":"https:\/\/pubeurope.com\/@pt\/115594270265979095","error":""},"_links":{"self":[{"href":"https:\/\/www.europesays.com\/pt\/wp-json\/wp\/v2\/posts\/161275","targetHints":{"allow":["GET"]}}],"collection":[{"href":"https:\/\/www.europesays.com\/pt\/wp-json\/wp\/v2\/posts"}],"about":[{"href":"https:\/\/www.europesays.com\/pt\/wp-json\/wp\/v2\/types\/post"}],"author":[{"embeddable":true,"href":"https:\/\/www.europesays.com\/pt\/wp-json\/wp\/v2\/users\/2"}],"replies":[{"embeddable":true,"href":"https:\/\/www.europesays.com\/pt\/wp-json\/wp\/v2\/comments?post=161275"}],"version-history":[{"count":0,"href":"https:\/\/www.europesays.com\/pt\/wp-json\/wp\/v2\/posts\/161275\/revisions"}],"wp:featuredmedia":[{"embeddable":true,"href":"https:\/\/www.europesays.com\/pt\/wp-json\/wp\/v2\/media\/161276"}],"wp:attachment":[{"href":"https:\/\/www.europesays.com\/pt\/wp-json\/wp\/v2\/media?parent=161275"}],"wp:term":[{"taxonomy":"category","embeddable":true,"href":"https:\/\/www.europesays.com\/pt\/wp-json\/wp\/v2\/categories?post=161275"},{"taxonomy":"post_tag","embeddable":true,"href":"https:\/\/www.europesays.com\/pt\/wp-json\/wp\/v2\/tags?post=161275"}],"curies":[{"name":"wp","href":"https:\/\/api.w.org\/{rel}","templated":true}]}}