{"id":161281,"date":"2025-11-22T16:28:09","date_gmt":"2025-11-22T16:28:09","guid":{"rendered":"https:\/\/www.europesays.com\/pt\/161281\/"},"modified":"2025-11-22T16:28:09","modified_gmt":"2025-11-22T16:28:09","slug":"desde-sempre-e-para-sempre","status":"publish","type":"post","link":"https:\/\/www.europesays.com\/pt\/161281\/","title":{"rendered":"Desde sempre e para sempre"},"content":{"rendered":"<p>As not\u00edcias que deram conta de que <a href=\"https:\/\/famashow.pt\/pesquisa?q=Nuno+Markl\" rel=\"nofollow noopener\" target=\"_blank\"><strong>Nuno Markl<\/strong><\/a> tinha dado entrada no Hospital de S\u00e3o Francisco Xavier, em Lisboa, depois de ter sofrido um Acidente Vascular Cerebral (AVC), n\u00e3o deixaram ningu\u00e9m indiferente.<\/p>\n<p>Entre amigos e desconhecidos, foram v\u00e1rias as pessoas que se &#8216;assustaram&#8217; e que sentiram a necessidade de deixar uma mensagem de apoio ao radialista, nas redes sociais. E claro que o mesmo se passou com a fam\u00edlia.<\/p>\n<p>Preocupada com o estado de sa\u00fade do irm\u00e3o, <a href=\"https:\/\/famashow.pt\/pesquisa?q=ana+markl\" target=\"_blank\" rel=\"noreferrer noopener nofollow\"><strong>Ana Markl<\/strong><\/a> tem mantido o contacto com ele e as mais recentes mensagens que trocaram foram reveladas na sua conta de Instagram, na manh\u00e3 deste s\u00e1bado, 22 de novembro.<\/p>\n<p><strong>&#8220;A m\u00fasica a ligar-nos desde sempre e para sempre. <\/strong><strong>Mas aquela que temos de escutar com mais aten\u00e7\u00e3o \u00e9 a do nosso corpo, quando nos canta &#8216;tens de parar, p\u00e1'&#8221;<\/strong>, escreveu na legenda da captura de ecr\u00e3 que exibia a conversa com Nuno Markl, tal como se pode ver mais abaixo.<\/p>\n<p>A radialista n\u00e3o esqueceu a onda de amor que t\u00eam recebido neste momento mais fr\u00e1gil. &#8220;Obrigada por todas as mensagens de apoio&#8221;, concluiu.<\/p>\n","protected":false},"excerpt":{"rendered":"As not\u00edcias que deram conta de que Nuno Markl tinha dado entrada no Hospital de S\u00e3o Francisco Xavier,&hellip;\n","protected":false},"author":2,"featured_media":161282,"comment_status":"","ping_status":"","sticky":false,"template":"","format":"standard","meta":{"footnotes":""},"categories":[145],"tags":[211,210,114,115,32,33],"class_list":{"0":"post-161281","1":"post","2":"type-post","3":"status-publish","4":"format-standard","5":"has-post-thumbnail","7":"category-celebridades","8":"tag-celebridades","9":"tag-celebrities","10":"tag-entertainment","11":"tag-entretenimento","12":"tag-portugal","13":"tag-pt"},"share_on_mastodon":{"url":"https:\/\/pubeurope.com\/@pt\/115594297457660231","error":""},"_links":{"self":[{"href":"https:\/\/www.europesays.com\/pt\/wp-json\/wp\/v2\/posts\/161281","targetHints":{"allow":["GET"]}}],"collection":[{"href":"https:\/\/www.europesays.com\/pt\/wp-json\/wp\/v2\/posts"}],"about":[{"href":"https:\/\/www.europesays.com\/pt\/wp-json\/wp\/v2\/types\/post"}],"author":[{"embeddable":true,"href":"https:\/\/www.europesays.com\/pt\/wp-json\/wp\/v2\/users\/2"}],"replies":[{"embeddable":true,"href":"https:\/\/www.europesays.com\/pt\/wp-json\/wp\/v2\/comments?post=161281"}],"version-history":[{"count":0,"href":"https:\/\/www.europesays.com\/pt\/wp-json\/wp\/v2\/posts\/161281\/revisions"}],"wp:featuredmedia":[{"embeddable":true,"href":"https:\/\/www.europesays.com\/pt\/wp-json\/wp\/v2\/media\/161282"}],"wp:attachment":[{"href":"https:\/\/www.europesays.com\/pt\/wp-json\/wp\/v2\/media?parent=161281"}],"wp:term":[{"taxonomy":"category","embeddable":true,"href":"https:\/\/www.europesays.com\/pt\/wp-json\/wp\/v2\/categories?post=161281"},{"taxonomy":"post_tag","embeddable":true,"href":"https:\/\/www.europesays.com\/pt\/wp-json\/wp\/v2\/tags?post=161281"}],"curies":[{"name":"wp","href":"https:\/\/api.w.org\/{rel}","templated":true}]}}