{"id":161299,"date":"2025-11-22T16:59:12","date_gmt":"2025-11-22T16:59:12","guid":{"rendered":"https:\/\/www.europesays.com\/pt\/161299\/"},"modified":"2025-11-22T16:59:12","modified_gmt":"2025-11-22T16:59:12","slug":"exclusivo-a-protegida-monica-faz-um-aviso-a-hector-novelas","status":"publish","type":"post","link":"https:\/\/www.europesays.com\/pt\/161299\/","title":{"rendered":"Exclusivo \u00abA Protegida\u00bb: M\u00f3nica faz um aviso a Hector &#8211; Novelas"},"content":{"rendered":"<p>Em \u00abA Protegida\u00bb, <a href=\"https:\/\/tvi.iol.pt\/novelas\/joao-bettencourt\/catarina-nifo\/vem-ai-a-protegida-goncalo-fica-paralisado-no-chao\" rel=\"nofollow noopener\" target=\"_blank\">Gon\u00e7alo (Jo\u00e3o Bettencourt)<\/a>\u00a0e Aruna\u00a0<a href=\"https:\/\/tvi.iol.pt\/novelas\/videos\/aruna-para-virgilio-vamos-ter-de-confiar-no-destino\/67f40ac00cf216cd3ad3455d\" rel=\"nofollow noopener\" target=\"_blank\">(Noua Wong)<\/a>\u00a0cruzam-se e olham-se com curiosidade e constrangimento. Gon\u00e7alo diz que j\u00e1 vai embora amanh\u00e3 e repara na alian\u00e7a de Aruna. Ela conta que casou com <a href=\"https:\/\/tvi.iol.pt\/novelas\/ator\/virgilio-cruz\/67ac83e1d34e3f0bae9a56e3\" rel=\"nofollow noopener\" target=\"_blank\">Virg\u00edlio (Diogo Morgado)<\/a>. Catarina aparece, mal-encarada e diz que vai precisar da sala. Aruna ainda n\u00e3o a conhecia e fica mal impressionada.\u00a0<\/p>\n<p><a href=\"https:\/\/tvi.iol.pt\/novelas\/search?pagina=1&amp;pesquisa=joaquim+horta\" rel=\"nofollow noopener\" target=\"_blank\">\u00d3scar (Joaquim Horta)<\/a> chama Gon\u00e7alo para a sua mesa. Este olha em volta indeciso, mas acaba por se dirigir para l\u00e1. Diz que assim \u00e9 menos uma despedida para amanh\u00e3. \u00d3scar fica surpreendido por Gon\u00e7alo ir embora j\u00e1 amanh\u00e3 e ele diz que n\u00e3o tem nada que o prenda ali. <a href=\"https:\/\/tvi.iol.pt\/novelas\/videos\/clarice-emociona-se-ao-saber-que-e-avo-e-monica-chora\/68a5eb840cf216cd3ad3a1c1\" target=\"_blank\" rel=\"nofollow noopener\">M\u00f3nica (Catarina Nifo)<\/a>\u00a0aparece e pergunta se ela n\u00e3o conta. Abra\u00e7am-se emocionados.\u00a0<\/p>\n<p>M\u00f3nica e Gon\u00e7alo ficaram mesmo felizes com o reencontro. Gon\u00e7alo tenta saber mais sobre a vida de M\u00f3nica, mas ela n\u00e3o entra em muitos pormenores. Diz apenas que est\u00e1 com algu\u00e9m e que est\u00e1 tudo bem. Gon\u00e7alo fica desconfiado.<\/p>\n<p><a href=\"https:\/\/tvi.iol.pt\/novelas\/fotos\/exclusivo-a-protegida-num-ato-de-protecao-anita-mata-manuel\/67ffa9abd34ef72ee444d10d\" rel=\"nofollow noopener\" target=\"_blank\">Anita (Marina Mota)<\/a>\u00a0conta a M\u00f3nica que os pais dela estiveram ali e que Gon\u00e7alo foi muito frio com eles. M\u00f3nica diz que n\u00e3o \u00e9 para menos, depois do que eles fizeram. M\u00f3nica pergunta por <a href=\"https:\/\/tvi.iol.pt\/novelas\/fotos\/a-protegida-hector-seduz-mariana-com-dia-romantico\/67d7f8f2d34e3f0bae9bb7f9\" rel=\"nofollow noopener\" target=\"_blank\">Hector (Christian Escuredo)<\/a>\u00a0e Anita conta-lhe que mora no palacete com <a href=\"https:\/\/tvi.iol.pt\/novelas\/ator\/mariana-vilalobos\/67ac80ecd34ef72ee44224fe\" wbo-id=\"51\" rel=\"nofollow noopener\" target=\"_blank\">Mariana (Matilde Reym\u00e3o)<\/a> e praticamente adotou Carlota. M\u00f3nica fica em choque com esta informa\u00e7\u00e3o, embora tente disfar\u00e7ar.<\/p>\n<p>Hector vai abrir a porta e fica surpreendido por ver M\u00f3nica. Olham-se durante algum tempo, pois t\u00eam um passado. Hector pergunta-lhe o que est\u00e1 a fazer ali e M\u00f3nica acha gra\u00e7a, j\u00e1 que podia fazer-lhe a mesma pergunta. M\u00f3nica pergunta por Mariana. Ela aparece e pergunta a M\u00f3nica o que est\u00e1 a fazer ali. Entre olham-setodos, tensos.<\/p>\n<p>M\u00f3nica diz que Mariana foi r\u00e1pida a esquecer JD e pergunta se est\u00e3o mesmo juntos. Mariana anseia por not\u00edcias de JD e nem responde \u00e0 pergunta, pois quer saber se M\u00f3nica tem novidades de <a href=\"https:\/\/tvi.iol.pt\/novelas\/ator\/jose-diogo\/67ac875bd34ef72ee4422589\" wbo-id=\"52\" rel=\"nofollow noopener\" target=\"_blank\">Jos\u00e9 Diogo (Pedro Sousa)<\/a>, mas ela diz que vinha perguntar o mesmo. Carlota chama pap\u00e1 a Hector e M\u00f3nica fica impactada. M\u00f3nica vai embora, mas Hector vai atr\u00e1s dela.<\/p>\n<p>Hector pergunta a M\u00f3nica o que foi ali fazer e se n\u00e3o tem saudades deles. M\u00f3nica diz que n\u00e3o tem saudades nenhumas de ser a substituta de Mariana e tem a certeza que \u00e9 melhor do que ela. M\u00f3nica diz que um dia Hector ainda lhe vai ligar, a dizer isso mesmo. Hector fica a tentar dar sentido a tudo.<\/p>\n","protected":false},"excerpt":{"rendered":"Em \u00abA Protegida\u00bb, Gon\u00e7alo (Jo\u00e3o Bettencourt)\u00a0e Aruna\u00a0(Noua Wong)\u00a0cruzam-se e olham-se com curiosidade e constrangimento. Gon\u00e7alo diz que j\u00e1&hellip;\n","protected":false},"author":2,"featured_media":161300,"comment_status":"","ping_status":"","sticky":false,"template":"","format":"standard","meta":{"footnotes":""},"categories":[142],"tags":[168,160,10915,1085,166,114,115,157,167,1087,164,884,881,10916,161,158,165,159,32,33,156,163,151,162],"class_list":{"0":"post-161299","1":"post","2":"type-post","3":"status-publish","4":"format-standard","5":"has-post-thumbnail","7":"category-tv","8":"tag-a-protegida","9":"tag-ana-guiomar","10":"tag-catarina-nifo","11":"tag-christian-escuredo","12":"tag-cristina-ferreira","13":"tag-entertainment","14":"tag-entretenimento","15":"tag-festa-e-festa","16":"tag-ficcao","17":"tag-hector","18":"tag-jose-fidalgo","19":"tag-mariana","20":"tag-matilde-reymao","21":"tag-monica","22":"tag-novelas","23":"tag-para-sempre","24":"tag-pedro-sousa","25":"tag-pedro-teixeira","26":"tag-portugal","27":"tag-pt","28":"tag-queridos-papas","29":"tag-tiago-teotonio-pereira","30":"tag-tv","31":"tag-tvi"},"share_on_mastodon":{"url":"https:\/\/pubeurope.com\/@pt\/115594419441071973","error":""},"_links":{"self":[{"href":"https:\/\/www.europesays.com\/pt\/wp-json\/wp\/v2\/posts\/161299","targetHints":{"allow":["GET"]}}],"collection":[{"href":"https:\/\/www.europesays.com\/pt\/wp-json\/wp\/v2\/posts"}],"about":[{"href":"https:\/\/www.europesays.com\/pt\/wp-json\/wp\/v2\/types\/post"}],"author":[{"embeddable":true,"href":"https:\/\/www.europesays.com\/pt\/wp-json\/wp\/v2\/users\/2"}],"replies":[{"embeddable":true,"href":"https:\/\/www.europesays.com\/pt\/wp-json\/wp\/v2\/comments?post=161299"}],"version-history":[{"count":0,"href":"https:\/\/www.europesays.com\/pt\/wp-json\/wp\/v2\/posts\/161299\/revisions"}],"wp:featuredmedia":[{"embeddable":true,"href":"https:\/\/www.europesays.com\/pt\/wp-json\/wp\/v2\/media\/161300"}],"wp:attachment":[{"href":"https:\/\/www.europesays.com\/pt\/wp-json\/wp\/v2\/media?parent=161299"}],"wp:term":[{"taxonomy":"category","embeddable":true,"href":"https:\/\/www.europesays.com\/pt\/wp-json\/wp\/v2\/categories?post=161299"},{"taxonomy":"post_tag","embeddable":true,"href":"https:\/\/www.europesays.com\/pt\/wp-json\/wp\/v2\/tags?post=161299"}],"curies":[{"name":"wp","href":"https:\/\/api.w.org\/{rel}","templated":true}]}}