{"id":161309,"date":"2025-11-22T17:13:14","date_gmt":"2025-11-22T17:13:14","guid":{"rendered":"https:\/\/www.europesays.com\/pt\/161309\/"},"modified":"2025-11-22T17:13:14","modified_gmt":"2025-11-22T17:13:14","slug":"arminda-demite-gerluce-e-josefa-ataca-com-ameaca-fatal-mato","status":"publish","type":"post","link":"https:\/\/www.europesays.com\/pt\/161309\/","title":{"rendered":"Arminda demite Gerluce e Josefa ataca com amea\u00e7a fatal: &#8216;Mato&#8230;&#8217;"},"content":{"rendered":"<p>\n                        Josefa vai se intrometer no conflito da vil\u00e3 Arminda com Gerluce; saiba o que vai acontecer com a mocinha em &#8216;Tr\u00eas Gra\u00e7as&#8217;\n                    <\/p>\n<ul class=\"article__header__author\">\n<li class=\"article__header__author__item\">\n                                                Por:<br \/>\n                                                                                    Felipe Nunes \/ Contigo\n                                                                        <\/li>\n<\/ul>\n<p class=\"text\"><strong>Arminda <\/strong>(<strong>Grazi Massafera<\/strong>) vai tomar uma decis\u00e3o dr\u00e1stica em Tr\u00eas Gra\u00e7as. No cap\u00edtulo deste s\u00e1bado (22), a grande vil\u00e3 da novela das nove decidir\u00e1 demitir <strong>Gerluce\u00a0<\/strong>(<strong>Sophie Charlotte<\/strong>), mas vai receber uma amea\u00e7a fatal vinda da pr\u00f3pria m\u00e3e, <strong>Josefa (Arlete Salles).<\/strong><\/p>\n<p><img loading=\"lazy\" decoding=\"async\" alt=\"Gerluce (Sophie Charlotte), Josefa (Arlete Salles) e Arminda (Grazi Massafera) em 'Tr\u00eas Gra\u00e7as'\" class=\"img-6aae8d71601484ea442474f684a7c2aac1bnmx5f\" height=\"436\" src=\"https:\/\/www.europesays.com\/pt\/wp-content\/uploads\/2025\/11\/1538014809-fotos-materias-83-1.png\"  title=\"Gerluce (Sophie Charlotte), Josefa (Arlete Salles) e Arminda (Grazi Massafera) em 'Tr\u00eas Gra\u00e7as'\" width=\"774\"\/><\/p>\n<p>Gerluce (Sophie Charlotte), Josefa (Arlete Salles) e Arminda (Grazi Massafera) em &#8216;Tr\u00eas Gra\u00e7as&#8217;<\/p>\n<p>Foto: Reprodu\u00e7\u00e3o\/ TV Globo \/ Contigo<\/p>\n<p><strong>Entenda<\/strong><\/p>\n<p class=\"text\">A pol\u00eamica vai come\u00e7ar quando a megera notar que a funcion\u00e1ria chegou na mans\u00e3o de carona com o namorado, o detetive <strong>Paulinho\u00a0<\/strong>(<strong>Romulo Estrela<\/strong>). Em seguida, ver\u00e1 a filha de <strong>L\u00edgia (Dira Paes) <\/strong>batendo papo com <strong>Viviane\u00a0<\/strong>(<strong>Gabriela Loran<\/strong>).<\/p>\n<p class=\"text\">&#8220;Primeiro, um carro de pol\u00edcia. Depois, uma cadeiruda desconhecida. O que \u00e9 isso? T\u00e1 virando ponto tur\u00edstico a porta da minha casa?&#8221;, alfinetar\u00e1 a amante de Ferreti (Murilo Ben\u00edcio). &#8220;A mo\u00e7a s\u00f3 pediu informa\u00e7\u00e3o&#8221;, minimizar\u00e1 <strong>Gerluce.<\/strong><\/p>\n<p class=\"text\">&#8220;Por que essa movimenta\u00e7\u00e3o toda na porta da minha casa?&#8221;, questionar\u00e1 a golpista. &#8220;Olha, dona Arminda, acho que a senhora t\u00e1 ficando com a cabe\u00e7a um pouco&#8230; como \u00e9 que diz?&#8221;, provocar\u00e1 a protagonista. &#8220;Paranoica!&#8221;, dir\u00e1 <strong>Josefa.<\/strong><\/p>\n<p class=\"text\">&#8220;Eu n\u00e3o devo lhe dizer o que eu fa\u00e7o ou o que deixo de fazer do lado de fora da sua casa. A minha vida particular s\u00f3 diz respeito a mim e mais ningu\u00e9m&#8221;, esbravejar\u00e1 <strong>Gerluce.<\/strong> &#8220;Tem, sim. Voc\u00ea \u00e9 minha empregada&#8221;, garantir\u00e1 <strong>Arminda.<\/strong> &#8220;Pega suas coisinhas, sua trouxinha, e rua. Rua!&#8221;, determinar\u00e1 a vil\u00e3, demitindo a mocinha.<\/p>\n<p class=\"text\">&#8220;N\u00e3o precisa falar de novo porque eu j\u00e1 sei o caminho&#8221;, rebate a m\u00e3e de <strong>Jo\u00e9lly (Alana Cabral).<\/strong> Ser\u00e1 neste momento que <strong>Josefa<\/strong> far\u00e1 uma amea\u00e7a fatal e chantagear\u00e1 a filha, dizendo que se matar\u00e1 caso <strong>Gerluce<\/strong> seja dispensada.\u00a0 &#8220;Se voc\u00ea demitir a Gerluce, eu me mato!&#8221;, avisar\u00e1.<\/p>\n<p class=\"text\">Tr\u00eas Gra\u00e7as terminar\u00e1 em maio de 2026, sendo substitu\u00edda por Quem Ama, Cuida, de <strong>Walcyr Carrasc0.<\/strong><\/p>\n<p class=\"text\">Leia tamb\u00e9m: &#8216;A Fazenda 17&#8217;: Saory divide opini\u00f5es ao se recusar a dormir com Dudu: &#8216;Nojo\u2026&#8217;<\/p>\n<p><strong>Veja mais:<\/strong><\/p>\n<blockquote class=\"instagram-media\" data-instgrm-captioned=\"\" data-instgrm-permalink=\"https:\/\/www.instagram.com\/reel\/DRSS9X1EnqC\/?utm_source=ig_embed&amp;utm_campaign=loading\" data-instgrm-version=\"14\" style=\"background: #FFF; border: 0; border-radius: 3px; box-shadow: 0 0 1px 0 rgba(0,0,0,0.5),0 1px 10px 0 rgba(0,0,0,0.15); margin: 1px; max-width: 540px; min-width: 326px; padding: 0; width: calc(100% - 2px);\">\n<p>                      Ver essa foto no Instagram <\/p>\n<p class=\"text\" style=\"color: #c9c8cd; font-family: Arial,sans-serif; font-size: 14px; line-height: 17px; margin-bottom: 0; margin-top: 8px; overflow: hidden; padding: 8px 0 7px; text-align: center; text-overflow: ellipsis; white-space: nowrap;\"><a href=\"https:\/\/www.instagram.com\/reel\/DRSS9X1EnqC\/?utm_source=ig_embed&amp;utm_campaign=loading\" rel=\"noopener nofollow\" style=\"color: #c9c8cd; font-family: Arial,sans-serif; font-size: 14px; font-style: normal; font-weight: normal; line-height: 17px; text-decoration: none;\" target=\"_blank\">Uma publica\u00e7\u00e3o compartilhada por gshow (@gshow)<\/a><\/p>\n<\/blockquote>\n<p>                            <script async src=\"\/\/www.instagram.com\/embed.js\"><\/script><\/p>\n","protected":false},"excerpt":{"rendered":"Josefa vai se intrometer no conflito da vil\u00e3 Arminda com Gerluce; saiba o que vai acontecer com a&hellip;\n","protected":false},"author":2,"featured_media":161310,"comment_status":"","ping_status":"","sticky":false,"template":"","format":"standard","meta":{"footnotes":""},"categories":[142],"tags":[114,115,32,33,151],"class_list":{"0":"post-161309","1":"post","2":"type-post","3":"status-publish","4":"format-standard","5":"has-post-thumbnail","7":"category-tv","8":"tag-entertainment","9":"tag-entretenimento","10":"tag-portugal","11":"tag-pt","12":"tag-tv"},"share_on_mastodon":{"url":"https:\/\/pubeurope.com\/@pt\/115594475136616923","error":""},"_links":{"self":[{"href":"https:\/\/www.europesays.com\/pt\/wp-json\/wp\/v2\/posts\/161309","targetHints":{"allow":["GET"]}}],"collection":[{"href":"https:\/\/www.europesays.com\/pt\/wp-json\/wp\/v2\/posts"}],"about":[{"href":"https:\/\/www.europesays.com\/pt\/wp-json\/wp\/v2\/types\/post"}],"author":[{"embeddable":true,"href":"https:\/\/www.europesays.com\/pt\/wp-json\/wp\/v2\/users\/2"}],"replies":[{"embeddable":true,"href":"https:\/\/www.europesays.com\/pt\/wp-json\/wp\/v2\/comments?post=161309"}],"version-history":[{"count":0,"href":"https:\/\/www.europesays.com\/pt\/wp-json\/wp\/v2\/posts\/161309\/revisions"}],"wp:featuredmedia":[{"embeddable":true,"href":"https:\/\/www.europesays.com\/pt\/wp-json\/wp\/v2\/media\/161310"}],"wp:attachment":[{"href":"https:\/\/www.europesays.com\/pt\/wp-json\/wp\/v2\/media?parent=161309"}],"wp:term":[{"taxonomy":"category","embeddable":true,"href":"https:\/\/www.europesays.com\/pt\/wp-json\/wp\/v2\/categories?post=161309"},{"taxonomy":"post_tag","embeddable":true,"href":"https:\/\/www.europesays.com\/pt\/wp-json\/wp\/v2\/tags?post=161309"}],"curies":[{"name":"wp","href":"https:\/\/api.w.org\/{rel}","templated":true}]}}