{"id":161311,"date":"2025-11-22T17:14:10","date_gmt":"2025-11-22T17:14:10","guid":{"rendered":"https:\/\/www.europesays.com\/pt\/161311\/"},"modified":"2025-11-22T17:14:10","modified_gmt":"2025-11-22T17:14:10","slug":"luciano-huck-e-angelica-recebem-dua-lipa-e-familia-em-mansao-enorme-prazer-gshow","status":"publish","type":"post","link":"https:\/\/www.europesays.com\/pt\/161311\/","title":{"rendered":"Luciano Huck e Ang\u00e9lica recebem Dua Lipa e fam\u00edlia em mans\u00e3o: &#039;Enorme prazer&#039; &#8211; Gshow"},"content":{"rendered":"<ol>\n<li><a href=\"https:\/\/news.google.com\/rss\/articles\/CBMi1gFBVV95cUxQaC1aWGtDLU9zQjZ2NER0MnZ3UXltU3pvQlJqWkt4UnZvTXhOU24tSW9JVDl1c0g0a2dNSnZua21IMGVWSUlxSVhYMmFDZHpZRWUyN2RqQ04zZ04wVXVjZUFORUVBZ0dJRkhheVZGS25qalJiTUxYOENGeHprVW94LU5QYkxkdUdVTXFfM0YzLWNKSndYdkRBV0MwVG1FTVo0RExGbjlVVjdCU2QtaTZwSEx2dFNyMHFzbEk2VjJxVDZXaUptbEgzRDBpOUFWOHNRUGpfU1pB0gHkAUFVX3lxTE0tZ2U2MmZIdWpwcEVtVDE2MDR0b3JoUFp3Y1Z3VFZkQm5DYWkxc1FzVEc1UVlNV29pZHFVcHdxcFFkbUw0YXd2V2FBUGlHTE9oRjdoOGJuVGhRRFB1MUgxeGUwbFJNZXVSRjZNdXJ1cFFvZ1Z6Qy0zdDhKWkt5OU4zWGw1RmIteXNiazh4V0l1Ti1LcXdjeVhVTHZCQkxXNGVxYTIxS0xWT0g2MDVsYnNRNUVaTXdzTU5MZFdLdnctVFltd2lUcTBJLWVSWFJjcWxqdUZCZTlmZFZzNjZPRktrVUlZVA?oc=5\" target=\"_blank\" rel=\"nofollow noopener\">Luciano Huck e Ang\u00e9lica recebem Dua Lipa e fam\u00edlia em mans\u00e3o: &#8216;Enorme prazer&#8217;<\/a>&nbsp;&nbsp;Gshow<\/li>\n<li><a href=\"https:\/\/news.google.com\/rss\/articles\/CBMihgFBVV95cUxQcDJ0ZFRfRVpFem02UHpEVXNTSzhPT1ZuNnlGNmRpZTRCWDNIaEJXRXh3VDg4NUM1SWRNQWVIblBqdHRJTDFJMlJqdEk2UmdHQkRNZnJuSWRJeHU5REtvTnJwV0Vnck83dFZDOVNsSWFnaERDZnQ0NFZHTDMzVXFseVRBVzFFZw?oc=5\" target=\"_blank\" rel=\"nofollow noopener\">Dua Lipa n\u00e3o para! Angra com Luciano Huck e jantar em Ipanema<\/a>&nbsp;&nbsp;VEJA RIO<\/li>\n<li><a href=\"https:\/\/news.google.com\/rss\/articles\/CBMi-wFBVV95cUxPT0NCX053RE1mNEhHQmVnaGF1T1UyZ0pJTkFGTzNvRHl4X3BLVk9zQzE1ampybHZ0R0hGYm1Jc3ExeFNUajF6a1NCUUdxMmg3bUl3QklNM3drUGp1b1RfdERudkVzbDJFRl9IZGF0cmtwaFVwT01jMFhIbjNjTlpodEFfaXdFUEJ1SlY4ZnJTOWRCU2V4SE82SGdLemY3cDVQejJ6RTlQZ3NGZDNWaUMtX0N4TFM0d1BzVkFES0ZQSGlNazYtV3Z6RXl6NWV2c1Z0YWZFdGdjMldEUTFCSXhiTlpIQnVxcWdfemx4SVpyR3dTb1pfQjJybnNjcw?oc=5\" target=\"_blank\" rel=\"nofollow noopener\">Dua Lipa visita Ang\u00e9lica e Luciano Huck e ganha recep\u00e7\u00e3o calorosa: &#8216;Casa \u00e9 de voc\u00eas&#8217;<\/a>&nbsp;&nbsp;Terra<\/li>\n<li><a href=\"https:\/\/news.google.com\/rss\/articles\/CBMitwFBVV95cUxNc0t0Ym9sUVNOMnl4NGJCMG1Tb2lvNjBrOFFqSWR3SS1ycmh4VHE1SzNvMmFiR0pzNi1SMHJBcXc0N3c0VU45ZGV5Q2JKalh6aVhaZUc5c1FLY1Bvem5MQ3NGRlU4WkNSSDNyRFNTOHk5MEZkRFVnaFczYm8yQlNGLTRadGFudEVBMDR1b3VseDg5aDdVT0h4R1pEM0FzN25ZbzdkOVIyR0U2UkV3dTlDbExXNDNNWjDSAbwBQVVfeXFMUE5xQ09WVkpRdFllaGw4U1RTWmx4U3EzeDhrTkN0MFdTazVmbmRfTGZKMHVKbnJ4N0lJdk1VamRJOGVCMmRrMkhKLVdmU3hNYTJha2pwS0JUWlB2MTZkdkY3LUhqdEdDc3hNR1lHd0ZXVEV0c0VxOXRTdU9mLUhXeGg5WWZjMWJhSEJiM1pUT2xXdVJrbFY1dXRHZFNKSHNTU0Y5S0tQSjBieXE0WlNxT241RVdhZUJIYWNpeDU?oc=5\" target=\"_blank\" rel=\"nofollow noopener\">Luciano Huck e Ang\u00e9lica recebem Dua Lipa e fam\u00edlia em Angra dos Reis: \u201cPrazer enorme\u201d<\/a>&nbsp;&nbsp;Portal Leo Dias<\/li>\n<li><a href=\"https:\/\/news.google.com\/rss\/articles\/CBMimAFBVV95cUxNRktrMG9waHBpMW0xalBtT2ljRmpHeFFqTXVUY3I2Y1E5bGpxQzZIaHhlOGczbDBTOTIzeF80NnV6dTFsc3YwMnFZNmVRcE9EbDRuU2ZWRnlSaFdxME9uNHlQTE94a2pNSjVkU1FYdlBNMlZ0OG9pdlI4QjVMVmJ0VDFJaXNPRm9NZUk3cV8xRnlGLXJSX3FGWQ?oc=5\" target=\"_blank\" rel=\"nofollow noopener\">Dua Lipa e a fam\u00edlia passam o dia na casa de Huck e Ang\u00e9lica<\/a>&nbsp;&nbsp;OFuxico<\/li>\n<\/ol>\n","protected":false},"excerpt":{"rendered":"Luciano Huck e Ang\u00e9lica recebem Dua Lipa e fam\u00edlia em mans\u00e3o: &#8216;Enorme prazer&#8217;&nbsp;&nbsp;Gshow Dua Lipa n\u00e3o para! Angra&hellip;\n","protected":false},"author":2,"featured_media":161312,"comment_status":"","ping_status":"","sticky":false,"template":"","format":"standard","meta":{"footnotes":""},"categories":[141],"tags":[114,115,149,150,32,33],"class_list":{"0":"post-161311","1":"post","2":"type-post","3":"status-publish","4":"format-standard","5":"has-post-thumbnail","7":"category-musica","8":"tag-entertainment","9":"tag-entretenimento","10":"tag-music","11":"tag-musica","12":"tag-portugal","13":"tag-pt"},"share_on_mastodon":{"url":"https:\/\/pubeurope.com\/@pt\/115594478616310599","error":""},"_links":{"self":[{"href":"https:\/\/www.europesays.com\/pt\/wp-json\/wp\/v2\/posts\/161311","targetHints":{"allow":["GET"]}}],"collection":[{"href":"https:\/\/www.europesays.com\/pt\/wp-json\/wp\/v2\/posts"}],"about":[{"href":"https:\/\/www.europesays.com\/pt\/wp-json\/wp\/v2\/types\/post"}],"author":[{"embeddable":true,"href":"https:\/\/www.europesays.com\/pt\/wp-json\/wp\/v2\/users\/2"}],"replies":[{"embeddable":true,"href":"https:\/\/www.europesays.com\/pt\/wp-json\/wp\/v2\/comments?post=161311"}],"version-history":[{"count":0,"href":"https:\/\/www.europesays.com\/pt\/wp-json\/wp\/v2\/posts\/161311\/revisions"}],"wp:featuredmedia":[{"embeddable":true,"href":"https:\/\/www.europesays.com\/pt\/wp-json\/wp\/v2\/media\/161312"}],"wp:attachment":[{"href":"https:\/\/www.europesays.com\/pt\/wp-json\/wp\/v2\/media?parent=161311"}],"wp:term":[{"taxonomy":"category","embeddable":true,"href":"https:\/\/www.europesays.com\/pt\/wp-json\/wp\/v2\/categories?post=161311"},{"taxonomy":"post_tag","embeddable":true,"href":"https:\/\/www.europesays.com\/pt\/wp-json\/wp\/v2\/tags?post=161311"}],"curies":[{"name":"wp","href":"https:\/\/api.w.org\/{rel}","templated":true}]}}