{"id":161315,"date":"2025-11-22T17:16:23","date_gmt":"2025-11-22T17:16:23","guid":{"rendered":"https:\/\/www.europesays.com\/pt\/161315\/"},"modified":"2025-11-22T17:16:23","modified_gmt":"2025-11-22T17:16:23","slug":"volte-face-no-united-proscrito-de-amorim-quer-voltar-e-lutar-por-lugar","status":"publish","type":"post","link":"https:\/\/www.europesays.com\/pt\/161315\/","title":{"rendered":"Volte-face no United. Proscrito de Amorim quer voltar e lutar por lugar"},"content":{"rendered":"<p>Andr\u00e9 Onana parece n\u00e3o querer parar de &#8216;atormentar&#8217; os planos de Ruben Amorim. O guarda-redes internacional pelos Camar\u00f5es quer voltar ao Manchester United no final da temporada e ficar para lutar pela titularidade na baliza dos red devils, de acordo com a imprensa inglesa desta sexta-feira.<\/p>\n<p>Segundo adianta o <a href=\"https:\/\/inews.co.uk\/sport\/football\/andre-onana-man-utd-rashford-transfer-4056573\" target=\"_blank\" rel=\"noreferrer noopener nofollow\">The iPaper Sport<\/a>, o plano do guardi\u00e3o passa por terminar o empr\u00e9stimo com o Trabzonspor e seguir viagem para Old Trafford, de modo a convencer o treinador portugu\u00eas de que poder\u00e1 mesmo ser uma mais-valia no plantel, apontando \u00e0 titularidade.<\/p>\n<p>Ainda assim, dada a hist\u00f3ria entre o t\u00e9cnico luso e o jogador de 29 anos desde a chegada de Amorim ao Manchester United, \u00e9 pouco prov\u00e1vel que haja uma possibilidade desta rela\u00e7\u00e3o profissional vir a ser retomada.<\/p>\n<p>Isto porque h\u00e1 um novo n\u00famero um entre os postes da equipa dos red devils. Senne Lammens tem vindo a conquistar cada vez mais pontos desde a sua estreia na baliza do conjunto de Old Trafford, colocando um aparente ponto final nos problemas dos \u00faltimos meses nessa posi\u00e7\u00e3o do plantel.<\/p>\n<p>Com isto, a mesma fonte informa ainda da possibilidade de Andr\u00e9 Onana se virar para um pedido de transfer\u00eancia que o mantenha na Premier League, j\u00e1 que \u00e9 a competi\u00e7\u00e3o que o mesmo deseja disputar na pr\u00f3xima \u00e9poca, caso destronar Lammens se prove de uma dificuldade extrema.<\/p>\n<p>O guardi\u00e3o camaron\u00eas conta com v\u00e1rios interessados, mas j\u00e1 provou que ser\u00e1 sempre dif\u00edcil uma sa\u00edda do Manchester United em definitivo acontecer, dado que rejeitou, no passado mercado de transfer\u00eancias, um neg\u00f3cio para rumar ao AS Monaco.<\/p>\n<p>H\u00e1 rumores de que clubes em Fran\u00e7a, Turquia e ainda na Ar\u00e1bia Saudita estar\u00e3o muito atentos \u00e0 sua situa\u00e7\u00e3o, dado que poder\u00e1 ser um jogador fulcral em certas equipas desses pa\u00edses, com o Manchester United a querer &#8216;despachar&#8217; Onana para fora do clube, de modo a baixar as contas a n\u00edvel de sal\u00e1rios anuais, sendo o do guarda-redes bastante avultado.<\/p>\n<p>&#8216;Folha&#8217; de sa\u00eddas n\u00e3o fica por aqui<\/p>\n<p>Ainda que este seja um caso bastante &#8216;bicudo&#8217; para os dirigentes do Manchester United, Onana n\u00e3o \u00e9 o \u00fanico nome na porta de sa\u00edda de Old Trafford, a pedido de Ruben Amorim.<\/p>\n<p>Marcus Rashford tem vindo a brilhar ao servi\u00e7o do Barcelona e o t\u00e9cnico portugu\u00eas n\u00e3o &#8216;morre de amores&#8217; pelo internacional ingl\u00eas, pelo que a not\u00edcia de que o clube catal\u00e3o estar\u00e1 disposto a pagar a cl\u00e1usula opcional a rondar os 30 milh\u00f5es de euros n\u00e3o poderia chegar em melhor altura, j\u00e1 que o clube de Manchester pretende angariar fundos para continuar o rejuvenescimento do plantel no pr\u00f3ximo ver\u00e3o.<\/p>\n<p>Outro nome que estar\u00e1, certamente, de sa\u00edda dos quadros de Old Trafford \u00e9 o de Jadon Sancho. O jogador est\u00e1 emprestado ao Aston Villa e n\u00e3o tem tido o melhor desempenho desde que chegou a Birmingham e, com o seu contrato perto do final, uma sa\u00edda a custo zero poder\u00e1 estar mesmo nas &#8216;cartas&#8217;, com o sal\u00e1rio de elevada estatura a ser poupado e reinvestido em refor\u00e7os do clube.<\/p>\n<p>Leia Tamb\u00e9m: <a href=\"https:\/\/www.noticiasaominuto.com\/desporto\/2892513\/saida-de-bruno-fernandes-do-united-questionada-seria-um-grande-erro\" target=\"_blank\" rel=\"noreferrer noopener nofollow\">Sa\u00edda de Bruno Fernandes do United questionada: &#8220;Seria um grande erro&#8221;<\/a><\/p>\n","protected":false},"excerpt":{"rendered":"Andr\u00e9 Onana parece n\u00e3o querer parar de &#8216;atormentar&#8217; os planos de Ruben Amorim. O guarda-redes internacional pelos Camar\u00f5es&hellip;\n","protected":false},"author":2,"featured_media":161316,"comment_status":"","ping_status":"","sticky":false,"template":"","format":"standard","meta":{"footnotes":""},"categories":[87],"tags":[135,32,33,134],"class_list":{"0":"post-161315","1":"post","2":"type-post","3":"status-publish","4":"format-standard","5":"has-post-thumbnail","7":"category-desporto","8":"tag-desporto","9":"tag-portugal","10":"tag-pt","11":"tag-sports"},"share_on_mastodon":{"url":"https:\/\/pubeurope.com\/@pt\/115594486339960876","error":""},"_links":{"self":[{"href":"https:\/\/www.europesays.com\/pt\/wp-json\/wp\/v2\/posts\/161315","targetHints":{"allow":["GET"]}}],"collection":[{"href":"https:\/\/www.europesays.com\/pt\/wp-json\/wp\/v2\/posts"}],"about":[{"href":"https:\/\/www.europesays.com\/pt\/wp-json\/wp\/v2\/types\/post"}],"author":[{"embeddable":true,"href":"https:\/\/www.europesays.com\/pt\/wp-json\/wp\/v2\/users\/2"}],"replies":[{"embeddable":true,"href":"https:\/\/www.europesays.com\/pt\/wp-json\/wp\/v2\/comments?post=161315"}],"version-history":[{"count":0,"href":"https:\/\/www.europesays.com\/pt\/wp-json\/wp\/v2\/posts\/161315\/revisions"}],"wp:featuredmedia":[{"embeddable":true,"href":"https:\/\/www.europesays.com\/pt\/wp-json\/wp\/v2\/media\/161316"}],"wp:attachment":[{"href":"https:\/\/www.europesays.com\/pt\/wp-json\/wp\/v2\/media?parent=161315"}],"wp:term":[{"taxonomy":"category","embeddable":true,"href":"https:\/\/www.europesays.com\/pt\/wp-json\/wp\/v2\/categories?post=161315"},{"taxonomy":"post_tag","embeddable":true,"href":"https:\/\/www.europesays.com\/pt\/wp-json\/wp\/v2\/tags?post=161315"}],"curies":[{"name":"wp","href":"https:\/\/api.w.org\/{rel}","templated":true}]}}