{"id":161317,"date":"2025-11-22T17:21:08","date_gmt":"2025-11-22T17:21:08","guid":{"rendered":"https:\/\/www.europesays.com\/pt\/161317\/"},"modified":"2025-11-22T17:21:08","modified_gmt":"2025-11-22T17:21:08","slug":"militares-holandeses-abrem-fogo-contra-drones-sobre-a-base-aerea-de-volkel","status":"publish","type":"post","link":"https:\/\/www.europesays.com\/pt\/161317\/","title":{"rendered":"Militares holandeses abrem fogo contra drones sobre a Base A\u00e9rea de Volkel"},"content":{"rendered":"<p id=\"block-1\">As for\u00e7as armadas holandesas abriram fogo contra drones sobre a Base A\u00e9rea de Volkel, no leste do pa\u00eds, mas nenhum destro\u00e7o foi recuperado, informou hoje o Minist\u00e9rio da Defesa da Holanda.<\/p>\n<p id=\"block-2\">A equipa de seguran\u00e7a da base relatou a presen\u00e7a dos drones entre as 19:00 e as 21:00 de sexta-feira, levando a for\u00e7a a\u00e9rea a disparar armas terrestres para derrub\u00e1-los, informou o minist\u00e9rio em comunicado.<\/p>\n<p id=\"block-3\">&#8220;Os drones deixaram a \u00e1rea e n\u00e3o foram recuperados&#8221;, acrescentou o comunicado.<\/p>\n<p id=\"block-4\">Nas \u00faltimas semanas, uma s\u00e9rie de incidentes envolvendo voos de drones n\u00e3o identificados foi registada perto de instala\u00e7\u00f5es militares na Holanda e na vizinha B\u00e9lgica.<\/p>\n<p id=\"block-5\">Tanto as for\u00e7as armadas holandesas quanto a pol\u00edcia civil estavam a investigar o caso, de acordo com o Minist\u00e9rio da Defesa, que disse n\u00e3o ser clara a raz\u00e3o pela qual os drones estavam a voar acima e ao redor da base a\u00e9rea. Nenhum outro detalhe foi fornecido, por motivos de seguran\u00e7a.<\/p>\n<p id=\"block-6\">A Base A\u00e9rea de Volkel \u00e9 utilizada pela For\u00e7a A\u00e9rea Real Holandesa.<\/p>\n<p id=\"block-7\">Na Holanda, o uso de drones perto de todos os aeroportos \u00e9 proibido por raz\u00f5es de seguran\u00e7a de voo, al\u00e9m de outras raz\u00f5es de seguran\u00e7a em torno de instala\u00e7\u00f5es militares, sublinhou o comunicado hoje divulgado.<\/p>\n","protected":false},"excerpt":{"rendered":"As for\u00e7as armadas holandesas abriram fogo contra drones sobre a Base A\u00e9rea de Volkel, no leste do pa\u00eds,&hellip;\n","protected":false},"author":2,"featured_media":161318,"comment_status":"","ping_status":"","sticky":false,"template":"","format":"standard","meta":{"footnotes":""},"categories":[50],"tags":[27,28,15,16,14,25,26,21,22,62,12,13,19,20,23,24,17,18,29,30,31,63,64,65],"class_list":{"0":"post-161317","1":"post","2":"type-post","3":"status-publish","4":"format-standard","5":"has-post-thumbnail","7":"category-mundo","8":"tag-breaking-news","9":"tag-breakingnews","10":"tag-featured-news","11":"tag-featurednews","12":"tag-headlines","13":"tag-latest-news","14":"tag-latestnews","15":"tag-main-news","16":"tag-mainnews","17":"tag-mundo","18":"tag-news","19":"tag-noticias","20":"tag-noticias-principais","21":"tag-noticiasprincipais","22":"tag-principais-noticias","23":"tag-principaisnoticias","24":"tag-top-stories","25":"tag-topstories","26":"tag-ultimas","27":"tag-ultimas-noticias","28":"tag-ultimasnoticias","29":"tag-world","30":"tag-world-news","31":"tag-worldnews"},"share_on_mastodon":{"url":"https:\/\/pubeurope.com\/@pt\/115594506087680762","error":""},"_links":{"self":[{"href":"https:\/\/www.europesays.com\/pt\/wp-json\/wp\/v2\/posts\/161317","targetHints":{"allow":["GET"]}}],"collection":[{"href":"https:\/\/www.europesays.com\/pt\/wp-json\/wp\/v2\/posts"}],"about":[{"href":"https:\/\/www.europesays.com\/pt\/wp-json\/wp\/v2\/types\/post"}],"author":[{"embeddable":true,"href":"https:\/\/www.europesays.com\/pt\/wp-json\/wp\/v2\/users\/2"}],"replies":[{"embeddable":true,"href":"https:\/\/www.europesays.com\/pt\/wp-json\/wp\/v2\/comments?post=161317"}],"version-history":[{"count":0,"href":"https:\/\/www.europesays.com\/pt\/wp-json\/wp\/v2\/posts\/161317\/revisions"}],"wp:featuredmedia":[{"embeddable":true,"href":"https:\/\/www.europesays.com\/pt\/wp-json\/wp\/v2\/media\/161318"}],"wp:attachment":[{"href":"https:\/\/www.europesays.com\/pt\/wp-json\/wp\/v2\/media?parent=161317"}],"wp:term":[{"taxonomy":"category","embeddable":true,"href":"https:\/\/www.europesays.com\/pt\/wp-json\/wp\/v2\/categories?post=161317"},{"taxonomy":"post_tag","embeddable":true,"href":"https:\/\/www.europesays.com\/pt\/wp-json\/wp\/v2\/tags?post=161317"}],"curies":[{"name":"wp","href":"https:\/\/api.w.org\/{rel}","templated":true}]}}