{"id":161319,"date":"2025-11-22T17:22:08","date_gmt":"2025-11-22T17:22:08","guid":{"rendered":"https:\/\/www.europesays.com\/pt\/161319\/"},"modified":"2025-11-22T17:22:08","modified_gmt":"2025-11-22T17:22:08","slug":"suspeito-de-burla-ola-mae-ola-pai-tinha-mais-de-15-mil-cartoes-telefonicos","status":"publish","type":"post","link":"https:\/\/www.europesays.com\/pt\/161319\/","title":{"rendered":"Suspeito de burla &#8220;Ol\u00e1 M\u00e3e, Ol\u00e1 Pai&#8221; tinha mais de 15 mil cart\u00f5es telef\u00f3nicos"},"content":{"rendered":"<p data-remotead-prev-elm=\"true\" data-remotead-elm-id=\"inread\">Segundo a investiga\u00e7\u00e3o da GNR de Albufeira, o detido pertencia a uma rede criminosa dedicada a burlas qualificadas e branqueamento de capitais. Os militares conseguiram localizar e deter o suspeito na passada quinta-feira e realizaram duas buscas domicili\u00e1rias em Gondomar e Braga.<\/p>\n<p>Foram apreendidos dois equipamentos com 128 &#8220;slots&#8221; destinados a comunica\u00e7\u00f5es em massa, utilizados no esquema de burla conhecido como &#8220;Ol\u00e1 M\u00e3e, Ol\u00e1 Pai&#8221;, bem como noutros crimes praticados atrav\u00e9s da plataforma Telegram. &#8220;Os equipamentos encontravam-se em pleno funcionamento aquando da interven\u00e7\u00e3o policial&#8221;, adianta a GNR, em comunicado.<\/p>\n<p>Foi ainda poss\u00edvel apreender 15.111 cart\u00f5es SIM de uma operadora nacional, vinte cart\u00f5es banc\u00e1rios, 19 pen drives, dez computadores, cinco telem\u00f3veis, cinco discos r\u00edgidos. Foram igualmente identificadas cerca de uma dezena de carteiras de criptomoeda, utilizadas para o movimento de capitais provenientes da atividade criminosa.<\/p>\n<p data-remotead-prev-elm=\"true\" data-remotead-elm-id=\"centro1\">O detido foi apresentado a primeiro interrogat\u00f3rio no Tribunal de Portim\u00e3o. Ficou sujeito a apresenta\u00e7\u00f5es semanais no posto policial da sua \u00e1rea de resid\u00eancia.<\/p>\n<p>A opera\u00e7\u00e3o contou com o refor\u00e7o das estruturas de investiga\u00e7\u00e3o criminal dos Comandos Territoriais de Faro, Porto e Braga.<\/p>\n","protected":false},"excerpt":{"rendered":"Segundo a investiga\u00e7\u00e3o da GNR de Albufeira, o detido pertencia a uma rede criminosa dedicada a burlas qualificadas&hellip;\n","protected":false},"author":2,"featured_media":161320,"comment_status":"","ping_status":"","sticky":false,"template":"","format":"standard","meta":{"footnotes":""},"categories":[10],"tags":[1912,27,28,2852,15,16,2002,14,603,25,26,21,22,12,13,19,20,32,23,24,33,17,18,29,30,31],"class_list":{"0":"post-161319","1":"post","2":"type-post","3":"status-publish","4":"format-standard","5":"has-post-thumbnail","7":"category-portugal","8":"tag-braga","9":"tag-breaking-news","10":"tag-breakingnews","11":"tag-burlas","12":"tag-featured-news","13":"tag-featurednews","14":"tag-gnr","15":"tag-headlines","16":"tag-justica","17":"tag-latest-news","18":"tag-latestnews","19":"tag-main-news","20":"tag-mainnews","21":"tag-news","22":"tag-noticias","23":"tag-noticias-principais","24":"tag-noticiasprincipais","25":"tag-portugal","26":"tag-principais-noticias","27":"tag-principaisnoticias","28":"tag-pt","29":"tag-top-stories","30":"tag-topstories","31":"tag-ultimas","32":"tag-ultimas-noticias","33":"tag-ultimasnoticias"},"share_on_mastodon":{"url":"https:\/\/pubeurope.com\/@pt\/115594509831856439","error":""},"_links":{"self":[{"href":"https:\/\/www.europesays.com\/pt\/wp-json\/wp\/v2\/posts\/161319","targetHints":{"allow":["GET"]}}],"collection":[{"href":"https:\/\/www.europesays.com\/pt\/wp-json\/wp\/v2\/posts"}],"about":[{"href":"https:\/\/www.europesays.com\/pt\/wp-json\/wp\/v2\/types\/post"}],"author":[{"embeddable":true,"href":"https:\/\/www.europesays.com\/pt\/wp-json\/wp\/v2\/users\/2"}],"replies":[{"embeddable":true,"href":"https:\/\/www.europesays.com\/pt\/wp-json\/wp\/v2\/comments?post=161319"}],"version-history":[{"count":0,"href":"https:\/\/www.europesays.com\/pt\/wp-json\/wp\/v2\/posts\/161319\/revisions"}],"wp:featuredmedia":[{"embeddable":true,"href":"https:\/\/www.europesays.com\/pt\/wp-json\/wp\/v2\/media\/161320"}],"wp:attachment":[{"href":"https:\/\/www.europesays.com\/pt\/wp-json\/wp\/v2\/media?parent=161319"}],"wp:term":[{"taxonomy":"category","embeddable":true,"href":"https:\/\/www.europesays.com\/pt\/wp-json\/wp\/v2\/categories?post=161319"},{"taxonomy":"post_tag","embeddable":true,"href":"https:\/\/www.europesays.com\/pt\/wp-json\/wp\/v2\/tags?post=161319"}],"curies":[{"name":"wp","href":"https:\/\/api.w.org\/{rel}","templated":true}]}}