{"id":161325,"date":"2025-11-22T17:28:12","date_gmt":"2025-11-22T17:28:12","guid":{"rendered":"https:\/\/www.europesays.com\/pt\/161325\/"},"modified":"2025-11-22T17:28:12","modified_gmt":"2025-11-22T17:28:12","slug":"ariana-grande-explica-polemica-dos-toques-excessivos-com-cynthia-erivo-e-responde-a-preocupacao-dos-fas-sobre-sua-saude","status":"publish","type":"post","link":"https:\/\/www.europesays.com\/pt\/161325\/","title":{"rendered":"Ariana Grande explica pol\u00eamica dos \u2018toques excessivos\u2019 com Cynthia Erivo e responde \u00e0 preocupa\u00e7\u00e3o dos f\u00e3s sobre sua sa\u00fade"},"content":{"rendered":"\n<p class=\" content-text__container theme-color-primary-first-letter\" data-track-category=\"Link no Texto\" data-track-links=\"\"> Os v\u00eddeos da turn\u00ea promocional de Wicked voltaram a movimentar as redes nas \u00faltimas semanas. Neles, Ariana Grande e Cynthia Erivo aparecem em constante contato f\u00edsico, gesto que levou parte dos f\u00e3s a levantar teorias sobre a rela\u00e7\u00e3o das atrizes e, principalmente, sobre o estado de sa\u00fade de Ariana. As imagens \u2014 que tamb\u00e9m destacam a apar\u00eancia mais magra das duas \u2014 alimentaram especula\u00e7\u00f5es que se espalharam at\u00e9 que a cantora decidiu comentar o assunto. <\/p>\n<ul class=\"content-unordered-list\">\n<li><strong>A nova era do cabelo:<\/strong> <a class=\"\" href=\"https:\/\/oglobo.globo.com\/ela\/gente\/noticia\/2025\/11\/21\/a-nova-era-do-cabelo-por-que-os-castanhos-iluminados-estao-dominando-as-tendencias-de-beleza-entre-famosas.ghtml\" rel=\"nofollow noopener\" target=\"_blank\">por que os castanhos iluminados est\u00e3o dominando as tend\u00eancias de beleza entre famosas<\/a><\/li>\n<li><strong>Como Virg\u00ednia Fonseca mant\u00e9m o glow: <\/strong><a class=\"\" href=\"https:\/\/oglobo.globo.com\/ela\/noticia\/2025\/11\/22\/como-virginia-fonseca-mantem-o-glow-conheca-o-tratamento-que-deixa-a-pele-da-influenciadora-radiante.ghtml\" rel=\"nofollow noopener\" target=\"_blank\">conhe\u00e7a o tratamento que deixa a pele da influenciadora radiante<\/a><\/li>\n<\/ul>\n<p class=\" content-text__container \" data-track-category=\"Link no Texto\" data-track-links=\"\"> Ariana Grande quebrou o sil\u00eancio e afirmou que o comportamento visto nas grava\u00e7\u00f5es e nos bastidores n\u00e3o \u00e9 resultado de nenhuma situa\u00e7\u00e3o externa entre ela e Cynthia Erivo, mas de um h\u00e1bito pr\u00f3prio. A artista explicou que a proximidade tem rela\u00e7\u00e3o com um \u201csegredo profundo\u201d sobre a forma como lida com a energia durante compromissos p\u00fablicos. Segundo ela, o toque funciona como uma estrat\u00e9gia para se sentir centrada e confort\u00e1vel diante da rotina de entrevistas e eventos de divulga\u00e7\u00e3o. <\/p>\n<p>      <img decoding=\"async\" class=\"content-media__image\"  src=\"https:\/\/www.europesays.com\/pt\/wp-content\/uploads\/2025\/11\/gettyimages-2198278736.jpg\" alt=\"Ariana Grande e Cynthia Erivo \u2014 Foto: Getty Images\" width=\"1024\" height=\"732\" loading=\"lazy\"\/>  Ariana Grande e Cynthia Erivo \u2014 Foto: Getty Images       <\/p>\n<p class=\" content-text__container \" data-track-category=\"Link no Texto\" data-track-links=\"\"> As teorias, por\u00e9m, n\u00e3o surgiram apenas agora. A intensidade da intera\u00e7\u00e3o entre as int\u00e9rpretes de Glinda (Ariana) e Elphaba (Cynthia) j\u00e1 havia sido tema de debate durante a campanha de lan\u00e7amento da primeira parte do musical. Na \u00e9poca, internautas afirmaram que as duas teriam \u201cpassado dos limites\u201d na proximidade \u2014 coment\u00e1rios que voltaram a ganhar for\u00e7a com os v\u00eddeos recentes. <\/p>\n<p class=\" content-text__container \" data-track-category=\"Link no Texto\" data-track-links=\"\"> Em entrevista \u00e0 comediante e apresentadora Amy Poehler, Ariana detalhou o comportamento. \u201cEu canalizo muita energia pelas minhas m\u00e3os\u201d, afirmou. Ela explicou que essa forma de se relacionar com o ambiente se manifesta de maneira involunt\u00e1ria: \u201cPor isso estou sempre segurando uma m\u00e3o, apertando alguma coisa, procurando algo para tocar\u2026 e geralmente \u00e9 com quem est\u00e1 comigo\u201d. <\/p>\n<p class=\" content-text__container \" data-track-category=\"Link no Texto\" data-track-links=\"\"> A cantora afirmou ainda que s\u00f3 percebeu o quanto esse h\u00e1bito era evidente depois da circula\u00e7\u00e3o dos v\u00eddeos. \u201cGosto de canalizar apoio e energia, e eu nem tinha percebido que isso era algo meu at\u00e9 aquele momento acontecer\u201d, disse. <\/p>\n","protected":false},"excerpt":{"rendered":"Os v\u00eddeos da turn\u00ea promocional de Wicked voltaram a movimentar as redes nas \u00faltimas semanas. Neles, Ariana Grande&hellip;\n","protected":false},"author":2,"featured_media":161326,"comment_status":"","ping_status":"","sticky":false,"template":"","format":"standard","meta":{"footnotes":""},"categories":[141],"tags":[114,115,319,149,150,32,33,318],"class_list":{"0":"post-161325","1":"post","2":"type-post","3":"status-publish","4":"format-standard","5":"has-post-thumbnail","7":"category-musica","8":"tag-entertainment","9":"tag-entretenimento","10":"tag-hard-news","11":"tag-music","12":"tag-musica","13":"tag-portugal","14":"tag-pt","15":"tag-radar"},"share_on_mastodon":{"url":"https:\/\/pubeurope.com\/@pt\/115594534080496035","error":""},"_links":{"self":[{"href":"https:\/\/www.europesays.com\/pt\/wp-json\/wp\/v2\/posts\/161325","targetHints":{"allow":["GET"]}}],"collection":[{"href":"https:\/\/www.europesays.com\/pt\/wp-json\/wp\/v2\/posts"}],"about":[{"href":"https:\/\/www.europesays.com\/pt\/wp-json\/wp\/v2\/types\/post"}],"author":[{"embeddable":true,"href":"https:\/\/www.europesays.com\/pt\/wp-json\/wp\/v2\/users\/2"}],"replies":[{"embeddable":true,"href":"https:\/\/www.europesays.com\/pt\/wp-json\/wp\/v2\/comments?post=161325"}],"version-history":[{"count":0,"href":"https:\/\/www.europesays.com\/pt\/wp-json\/wp\/v2\/posts\/161325\/revisions"}],"wp:featuredmedia":[{"embeddable":true,"href":"https:\/\/www.europesays.com\/pt\/wp-json\/wp\/v2\/media\/161326"}],"wp:attachment":[{"href":"https:\/\/www.europesays.com\/pt\/wp-json\/wp\/v2\/media?parent=161325"}],"wp:term":[{"taxonomy":"category","embeddable":true,"href":"https:\/\/www.europesays.com\/pt\/wp-json\/wp\/v2\/categories?post=161325"},{"taxonomy":"post_tag","embeddable":true,"href":"https:\/\/www.europesays.com\/pt\/wp-json\/wp\/v2\/tags?post=161325"}],"curies":[{"name":"wp","href":"https:\/\/api.w.org\/{rel}","templated":true}]}}