{"id":161331,"date":"2025-11-22T17:35:11","date_gmt":"2025-11-22T17:35:11","guid":{"rendered":"https:\/\/www.europesays.com\/pt\/161331\/"},"modified":"2025-11-22T17:35:11","modified_gmt":"2025-11-22T17:35:11","slug":"cop30-aprova-decisao-do-mutirao-sem-roteiro-para-abandono-dos-combustiveis-fosseis-cop30","status":"publish","type":"post","link":"https:\/\/www.europesays.com\/pt\/161331\/","title":{"rendered":"COP30 aprova \u201cDecis\u00e3o do Mutir\u00e3o\u201d sem roteiro para abandono dos combust\u00edveis f\u00f3sseis | COP30"},"content":{"rendered":"<p>A presid\u00eancia brasileira da 30.\u00aa Confer\u00eancia do Clima das Na\u00e7\u00f5es Unidas apresentou na manh\u00e3 de s\u00e1bado a sua proposta de &#8220;Decis\u00e3o Mutir\u00e3o&#8221;, o texto que acolhe as principais conclus\u00f5es desta COP30, em Bel\u00e9m do Par\u00e1. O Brasil promete trabalhar em roteiros para abandono dos combust\u00edveis f\u00f3sseis e redu\u00e7\u00e3o da desfloresta\u00e7\u00e3o, propostas defendidas pelo Presidente Lula da Silva, mas ambos os &#8220;mapas do caminho&#8221; ficam de fora da decis\u00e3o final.<\/p>\n<p>Com as negocia\u00e7\u00f5es j\u00e1 em tempo extra, a Uni\u00e3o Europeia apresentou uma proposta para tentar salvar a face, mas a men\u00e7\u00e3o clara a um roteiro para o abandono dos combust\u00edveis f\u00f3sseis, cujas emiss\u00f5es s\u00e3o a principal causa do aquecimento global, continua fora do acordo.<\/p>\n<p>UE abdica do roteiro<\/p>\n<p>Houve ced\u00eancias da Uni\u00e3o Europeia relativamente ao financiamento para <a href=\"https:\/\/www.publico.pt\/2025\/11\/21\/azul\/noticia\/faltar-cop30-belem-encontrar-caminho-acordo-2155559\" rel=\"nofollow noopener\" target=\"_blank\">adapta\u00e7\u00e3o clim\u00e1tica<\/a> dos pa\u00edses mais pobres e vulner\u00e1veis, mantendo a promessa de triplicar o valor, e na abertura de uma discuss\u00e3o sobre o papel do com\u00e9rcio internacional no com\u00e9rcio de emiss\u00f5es, temas em que os europeus faziam finca-p\u00e9, exigindo uma linguagem forte sobre o abandono do petr\u00f3leo, g\u00e1s e carv\u00e3o.<\/p>\n<p>&#8220;Viemos para Bel\u00e9m com ambi\u00e7\u00f5es elevadas, em compara\u00e7\u00e3o com o que tivemos que aceitar. Mas teremos um acordo que vai manter o processo [negocial] vivo&#8221;, comentou o ministro dinamarqu\u00eas Lars Aagaard, que representa o Conselho da UE, \u00e0 sa\u00edda de uma reuni\u00e3o dos ministros europeus, enquanto decorriam negocia\u00e7\u00f5es fren\u00e9ticas para <a href=\"https:\/\/www.publico.pt\/2025\/11\/21\/azul\/noticia\/proposta-final-cop30-deixa-cair-acordo-transicao-combustiveis-fosseis-2155495\" rel=\"nofollow noopener\" target=\"_blank\">finalizar um acordo<\/a> em Bel\u00e9m, uma cidade \u00e0 porta da Amaz\u00f3nia brasileira.<\/p>\n<p>&#8220;Temos vindo a insistir em ir mais longe, porque a UE precisa de mais, porque o mundo precisa de mais&#8221;, afirmou ao seu lado o comiss\u00e1rio europeu do Clima, Wopke Hoekstra. Manifestando a insatisfa\u00e7\u00e3o da UE com o texto, afirma que o bloco apoiar\u00e1 o documento &#8220;porque, pelo menos, est\u00e1 a ir na direc\u00e7\u00e3o certa&#8221;. &#8220;\u00c9 muito claro que devemos estar lado a lado com os nossos amigos das na\u00e7\u00f5es mais pobres, e o que estamos a fazer \u00e9 dar um passo em frente muito significativo em termos de ajuda ao financiamento para a adapta\u00e7\u00e3o.&#8221;<\/p>\n<p>&#8220;Para n\u00f3s \u00e9 muito importante poder dar resposta aos pedidos de aux\u00edlio financeiro dos pa\u00edses mais vulner\u00e1veis&#8221;, salientou tamb\u00e9m o ministro da Dinamarca, pa\u00eds que det\u00e9m a presid\u00eancia rotativa do Conselho da UE. &#8220;Foi por isso que acabamos por dizer sim.&#8221; Agora, explica, &#8220;ficar\u00e1 para futuras confer\u00eancias do clima decidir sobre estas oportunidades que mantivemos em cima da mesa&#8221;.<\/p>\n<p>Acordo &#8220;sem ambi\u00e7\u00e3o&#8221;<\/p>\n<p>A ministra do Ambiente e Energia de Portugal, Maria da Gra\u00e7a Carvalho, classifica o acordo final que ser\u00e1 votado no encerramento da COP30 como o melhor resultado poss\u00edvel, apesar das aspira\u00e7\u00f5es mais elevadas da Uni\u00e3o Europeia. Este \u00e9 um acordo &#8220;sem ambi\u00e7\u00e3o&#8221;, afirma, embora seja &#8220;melhor um mau acordo do que nenhum&#8221;.<\/p>\n<p>\u00c0 sa\u00edda da reuni\u00e3o com os ministros europeus, Maria da Gra\u00e7a Carvalho explicou que o mandato e as &#8220;linhas vermelhas&#8221; da UE foram salvaguardados no texto final: avan\u00e7os na mitiga\u00e7\u00e3o, uma refer\u00eancia \u00e0 ambi\u00e7\u00e3o metas nacionais (NDC, na sigla em ingl\u00eas), a refer\u00eancia ao objectivo de 1,5\u00b0C, a men\u00e7\u00e3o \u00e0 decis\u00e3o do Dubai sobre o abandono dos combust\u00edveis f\u00f3sseis (mas sem usar a express\u00e3o \u201ccombust\u00edveis f\u00f3sseis\u201d no texto em si), e a triplica\u00e7\u00e3o do financiamento para a adapta\u00e7\u00e3o destinado aos pa\u00edses em desenvolvimento.<\/p>\n<p>Lars Aagaard aproveitou tamb\u00e9m para refor\u00e7ar a uni\u00e3o do bloco europeu, depois de negocia\u00e7\u00f5es dif\u00edceis nos \u00faltimos dias. &#8220;O papel da Europa no mundo \u00e9 diferente do que j\u00e1 foi. Mas, neste mundo em constante mudan\u00e7a, tamb\u00e9m \u00e9 uma Europa que consegue manter-se unida.&#8221;<\/p>\n<p>\u200bFran\u00e7a contrariada<\/p>\n<p>Nem todos os pa\u00edses europeus est\u00e3o felizes com esta ced\u00eancia \u2014 Fran\u00e7a \u00e9 um dos mais insatisfeitos.<\/p>\n<p>&#8220;N\u00e3o podemos dizer que apoiamos este texto, porque n\u00e3o tem o n\u00edvel de aten\u00e7\u00e3o que pretend\u00edamos, em especial sobre o abandono dos combust\u00edveis f\u00f3sseis ou a luta contra a desfloresta\u00e7\u00e3o, mas tamb\u00e9m n\u00e3o nos opomos porque n\u00e3o h\u00e1 nada h\u00e1 nada de extraordinariamente mau l\u00e1&#8221;, disse a ministra da Ecologia, Desenvolvimento Sustent\u00e1vel e Energia francesa, Monique Barbut.<\/p>\n<p>&#8220;Por outro lado, n\u00e3o quer\u00edamos que continuasse o processo de inten\u00e7\u00f5es que foi feito \u00e0 Uni\u00e3o Europeia, dizendo que n\u00e3o quer\u00edamos pagar pela adapta\u00e7\u00e3o clim\u00e1tica dos pa\u00edses mais pobres&#8221;, justificou Monique Barbut.<\/p>\n<p>Esperava-se que a nova vers\u00e3o da &#8220;Declara\u00e7\u00e3o Mutir\u00e3o&#8221; trouxesse uma refer\u00eancia \u00e0 sa\u00edda dos combust\u00edveis f\u00f3sseis. A UE est\u00e1, no entanto, a tentar incluir uma refer\u00eancia ao compromisso assumido h\u00e1 dois anos, na COP28, nos Emirados \u00c1rabes Unidos, para preparar uma transi\u00e7\u00e3o ordeira da energia f\u00f3ssil para energias renov\u00e1veis, embora com uma linguagem bastante redonda.<\/p>\n<p>&#8220;Longe de ser resposta \u00e0 altura&#8221;<\/p>\n<p>A proposta de texto final que acaba de ser publicada &#8211; a terceira vers\u00e3o da decis\u00e3o Mutir\u00e3o &#8211; &#8220;est\u00e1 longe de ser uma resposta \u00e0 altura da crise que enfrentamos&#8221;, descreve Carolina Pasquali, directora-executiva da Greenpeace Brasil.<\/p>\n<p>&#8220;N\u00e3o trata a crise como crise, n\u00e3o traz nem mapa e nem caminho para a transi\u00e7\u00e3o para longe dos combust\u00edveis f\u00f3sseis e para o fim do desmatamento at\u00e9 2030, e n\u00e3o garante que os recursos necess\u00e1rios para adapta\u00e7\u00e3o, absolutamente essenciais para os pa\u00edses em desenvolvimento, sejam de facto mobilizados pelos pa\u00edses desenvolvidos&#8221;, enumera a especialista.<\/p>\n<p>Apesar de mais de 80 pa\u00edses terem apoiado uma declara\u00e7\u00e3o para que a &#8220;transi\u00e7\u00e3o para longe dos combust\u00edveis f\u00f3sseis&#8221; fosse inclu\u00edda na decis\u00e3o final da COP30, estes &#8220;foram impedidos de chegar a um acordo por pa\u00edses que se recusaram a apoiar essa medida t\u00e3o necess\u00e1ria quanto \u00f3bvia&#8221;. Carolina Pasquiali cita ainda os &#8220;mais de 90 pa\u00edses&#8221; que tamb\u00e9m queriam um roteiro para o fim da desfloresta\u00e7\u00e3o, e que &#8220;ficaram a ver navios&#8221;. &#8220;Infelizmente, a decis\u00e3o Mutir\u00e3o n\u00e3o entrega a escala de mudan\u00e7a necess\u00e1ria.&#8221;<\/p>\n<p>Outros roteiros<\/p>\n<p>Fala-se no lan\u00e7amento de um &#8220;Acelerador Global de Implementa\u00e7\u00e3o&#8221;, para &#8220;responder \u00e0 urg\u00eancia, lacunas e desafios&#8221; para manter alcan\u00e7\u00e1vel o objectivo de o aquecimento global n\u00e3o ser superior a 1,5 graus, tal como foi expresso no Acordo de Paris.<\/p>\n<p>Este mecanismo implica tamb\u00e9m &#8220;dar apoio aos pa\u00edses para por em pr\u00e1tica as suas Contribui\u00e7\u00f5es Nacionalmente Determinadas&#8221;, ou seja, os compromissos que cada na\u00e7\u00e3o assume de redu\u00e7\u00e3o das suas emiss\u00f5es de gases de efeito de estufa, fazendo refer\u00eancia ao &#8220;Consenso dos Emirados \u00c1rabes Unidos&#8221;. Traduzindo: a tal transi\u00e7\u00e3o ordeira dos combust\u00edveis f\u00f3sseis para as energias renov\u00e1veis.<\/p>\n<p>O presidente da COP30, o embaixador brasileiro Andr\u00e9 Corr\u00eaa do Lago, anunciou entretanto que tomaria a iniciativa de publicar os desejados &#8220;roteiros&#8221; para o abandono dos combust\u00edveis f\u00f3sseis e acabar com a desfloresta\u00e7\u00e3o, uma vez que n\u00e3o tinha havido consenso nas negocia\u00e7\u00f5es entre os pa\u00edses.<\/p>\n","protected":false},"excerpt":{"rendered":"A presid\u00eancia brasileira da 30.\u00aa Confer\u00eancia do Clima das Na\u00e7\u00f5es Unidas apresentou na manh\u00e3 de s\u00e1bado a sua&hellip;\n","protected":false},"author":2,"featured_media":161332,"comment_status":"","ping_status":"","sticky":false,"template":"","format":"standard","meta":{"footnotes":""},"categories":[50],"tags":[2335,785,27,28,2271,786,6391,353,15,16,14,25,26,21,22,62,12,13,19,20,23,24,17,18,29,30,31,636,63,64,65],"class_list":{"0":"post-161331","1":"post","2":"type-post","3":"status-publish","4":"format-standard","5":"has-post-thumbnail","7":"category-mundo","8":"tag-alteracoes-climaticas","9":"tag-azul","10":"tag-breaking-news","11":"tag-breakingnews","12":"tag-clima","13":"tag-combustiveis-fosseis","14":"tag-cop30","15":"tag-em-destaque","16":"tag-featured-news","17":"tag-featurednews","18":"tag-headlines","19":"tag-latest-news","20":"tag-latestnews","21":"tag-main-news","22":"tag-mainnews","23":"tag-mundo","24":"tag-news","25":"tag-noticias","26":"tag-noticias-principais","27":"tag-noticiasprincipais","28":"tag-principais-noticias","29":"tag-principaisnoticias","30":"tag-top-stories","31":"tag-topstories","32":"tag-ultimas","33":"tag-ultimas-noticias","34":"tag-ultimasnoticias","35":"tag-uniao-europeia","36":"tag-world","37":"tag-world-news","38":"tag-worldnews"},"share_on_mastodon":{"url":"","error":"Validation failed: Text character limit of 500 exceeded"},"_links":{"self":[{"href":"https:\/\/www.europesays.com\/pt\/wp-json\/wp\/v2\/posts\/161331","targetHints":{"allow":["GET"]}}],"collection":[{"href":"https:\/\/www.europesays.com\/pt\/wp-json\/wp\/v2\/posts"}],"about":[{"href":"https:\/\/www.europesays.com\/pt\/wp-json\/wp\/v2\/types\/post"}],"author":[{"embeddable":true,"href":"https:\/\/www.europesays.com\/pt\/wp-json\/wp\/v2\/users\/2"}],"replies":[{"embeddable":true,"href":"https:\/\/www.europesays.com\/pt\/wp-json\/wp\/v2\/comments?post=161331"}],"version-history":[{"count":0,"href":"https:\/\/www.europesays.com\/pt\/wp-json\/wp\/v2\/posts\/161331\/revisions"}],"wp:featuredmedia":[{"embeddable":true,"href":"https:\/\/www.europesays.com\/pt\/wp-json\/wp\/v2\/media\/161332"}],"wp:attachment":[{"href":"https:\/\/www.europesays.com\/pt\/wp-json\/wp\/v2\/media?parent=161331"}],"wp:term":[{"taxonomy":"category","embeddable":true,"href":"https:\/\/www.europesays.com\/pt\/wp-json\/wp\/v2\/categories?post=161331"},{"taxonomy":"post_tag","embeddable":true,"href":"https:\/\/www.europesays.com\/pt\/wp-json\/wp\/v2\/tags?post=161331"}],"curies":[{"name":"wp","href":"https:\/\/api.w.org\/{rel}","templated":true}]}}