{"id":161336,"date":"2025-11-22T17:41:40","date_gmt":"2025-11-22T17:41:40","guid":{"rendered":"https:\/\/www.europesays.com\/pt\/161336\/"},"modified":"2025-11-22T17:41:40","modified_gmt":"2025-11-22T17:41:40","slug":"meu-sangue-ferveu-record","status":"publish","type":"post","link":"https:\/\/www.europesays.com\/pt\/161336\/","title":{"rendered":"\u2018Meu sangue ferveu\u2019 \u2013 Record"},"content":{"rendered":"<p><img decoding=\"async\" data-chromatic=\"ignore\" alt=\"\" class=\"c-image\" loading=\"lazy\" src=\"https:\/\/www.europesays.com\/pt\/wp-content\/uploads\/2025\/11\/KJAN6RC4TVAJBFK44NW4DASSJE.png\"  width=\"2116\" height=\"1153\"\/>Mesquita falou sobre todos os detalhes da trai\u00e7\u00e3o Reprodu\u00e7\u00e3o\/RecordPlus <\/p>\n<p class=\"jarvics:base-text-neutral-high-400 base-text-[calc(theme(fontSize.xs)_*_var(--font-size,_1))] base-font-normal base-font-primary base-text-neutral-low-500 base-text-left\">Trai\u00e7\u00e3o \u00e9 um assunto muito pol\u00eamico, mas a pe\u00e3ozada se sente t\u00e3o \u00e0 vontade em <a href=\"https:\/\/record.r7.com\/a-fazenda\/a-fazenda-17\/\" target=\"_self\" rel=\"nofollow noopener\" title=\"https:\/\/record.r7.com\/a-fazenda\/a-fazenda-17\/\"><b>A Fazenda 17<\/b><\/a>, que acaba contando suas viv\u00eancias nos menores detalhes! Neste s\u00e1bado (22),<b> <\/b><a href=\"https:\/\/record.r7.com\/a-fazenda\/a-fazenda-17\/peoes\/luiz-mesquita\" target=\"_self\" title=\"Luiz Mesquita\" rel=\"nofollow noopener\"><b>Luiz Mesquita<\/b><\/a> revelou como descobriu a trai\u00e7\u00e3o de sua noiva um m\u00eas antes de ser confinado no reality rural.<\/p>\n<ul class=\"b-article-body__list-unordered\">\n<li><b>Quer ficar por dentro de tudo que est\u00e1 acontecendo em\u00a0<\/b><b>A Fazenda 17<\/b><b>?\u00a0<\/b><a href=\"https:\/\/www.whatsapp.com\/channel\/0029Va2cJIR1noz2ahzX0D1N\" rel=\"nofollow noopener\" title=\"https:\/\/www.whatsapp.com\/channel\/0029Va2cJIR1noz2ahzX0D1N\" target=\"_blank\"><b>Clique aqui<\/b><\/a><b>\u00a0e fa\u00e7a parte do nosso canal no WhatsApp!<\/b><\/li>\n<\/ul>\n<p class=\"jarvics:base-text-neutral-high-400 base-text-[calc(theme(fontSize.xs)_*_var(--font-size,_1))] base-font-normal base-font-primary base-text-neutral-low-500 base-text-left\">O atleta estava na cozinha com Duda e Maria, quando a namorada pediu para ele contar sobre como ficou sabendo do \u201cchifre\u201d. Maria ficou empolgad\u00edssima!<\/p>\n<p class=\"jarvics:base-text-neutral-high-400 base-text-[calc(theme(fontSize.xs)_*_var(--font-size,_1))] base-font-normal base-font-primary base-text-neutral-low-500 base-text-left\">Mesquita come\u00e7ou lembrando que pediu a m\u00e3o da ex no final de sua luta contra Nego do Borel. O atleta citou o que disse minutos depois de vencer a disputa: \u201cQuero fazer um pedido muito importante para mim, Bianca, quer casar comigo?\u201d<\/p>\n<p class=\"jarvics:base-text-neutral-high-400 base-text-[calc(theme(fontSize.xs)_*_var(--font-size,_1))] base-font-normal base-font-primary base-text-neutral-low-500 base-text-left\">O pe\u00e3o falou que deu tudo certo, a namorada aceitou e virou noiva, por\u00e9m, notou que as coisas ficaram diferentes no dia a dia: \u201cPassaram alguns meses, o relacionamento deu uma murchada forte\u201d.<\/p>\n<p class=\"jarvics:base-text-neutral-high-400 base-text-[calc(theme(fontSize.xs)_*_var(--font-size,_1))] base-font-normal base-font-primary base-text-neutral-low-500 base-text-left\">Luiz precisou fazer uma viagem a trabalho para os Len\u00e7\u00f3is Maranhenses (MA), e a noiva n\u00e3o p\u00f4de ir devido aos compromissos profissionais: \u201cNesse meio tempo, fiz liga\u00e7\u00e3o de v\u00eddeo e vi ela muito fria. [&#8230;] Falei, \u2018t\u00f4 com saudades, te amo\u2019, e ela n\u00e3o falou nada\u201d.<\/p>\n<p class=\"jarvics:base-text-neutral-high-400 base-text-[calc(theme(fontSize.xs)_*_var(--font-size,_1))] base-font-normal base-font-primary base-text-neutral-low-500 base-text-left\">Quando Mesquita estava voltando, pediu que a noiva buscasse ele no aeroporto, mas ela inventou uma desculpa: \u201cEstava h\u00e1 26 dias fora de casa, falei isso para ela e ela disse \u2018n\u00e3o d\u00e1, vou ficar com minha amiga\u201d.<\/p>\n<p class=\"jarvics:base-text-neutral-high-400 base-text-[calc(theme(fontSize.xs)_*_var(--font-size,_1))] base-font-normal base-font-primary base-text-neutral-low-500 base-text-left\">Ele ligou para o melhor amigo, foi para o apartamento e notou um clima estranho: \u201cPisei em casa e falei, \u2018tem algo errado!\u201d. O pe\u00e3o contou que a noiva estava fria e citando situa\u00e7\u00f5es sup\u00e9rfluas, dando ind\u00edcio de que queria terminar. <\/p>\n<p class=\"jarvics:base-text-neutral-high-400 base-text-[calc(theme(fontSize.xs)_*_var(--font-size,_1))] base-font-normal base-font-primary base-text-neutral-low-500 base-text-left\">Mesquita desabafou, alegando que confiava muito na noiva, e perdeu diversos preconceitos por ela, que lutava jiu-j\u00edtsu: \u201c\u00c9 um contato f\u00edsico muito intenso\u201d.<\/p>\n<p class=\"jarvics:base-text-neutral-high-400 base-text-[calc(theme(fontSize.xs)_*_var(--font-size,_1))] base-font-normal base-font-primary base-text-neutral-low-500 base-text-left\">Encucado com o comportamento da noiva, Mesquita resolveu fu\u00e7ar nas c\u00e2meras de seguran\u00e7a da sala, que ele tem para acompanhar os gatos quando est\u00e1 fora: \u201cA c\u00e2mera pega \u00e1udio e v\u00eddeo, e queria ver como ela estava se comportando nos \u00faltimos dias\u201d.<\/p>\n<p class=\"jarvics:base-text-neutral-high-400 base-text-[calc(theme(fontSize.xs)_*_var(--font-size,_1))] base-font-normal base-font-primary base-text-neutral-low-500 base-text-left\">O pe\u00e3o revelou que entre os 980 v\u00eddeos gravados, um chamou a aten\u00e7\u00e3o, do dia que ela conversou com Mesquita por videochamada. A mo\u00e7a estava contando para o melhor amigo: \u201cVi o aben\u00e7oado ontem\u2019. Come\u00e7ou a falar que foi numa sorveteria, que saiu do treino e n\u00e3o sei o que. [&#8230;] Tava falando da esposa dele, que n\u00e3o aguentava mais\u201d.<\/p>\n<p class=\"jarvics:base-text-neutral-high-400 base-text-[calc(theme(fontSize.xs)_*_var(--font-size,_1))] base-font-normal base-font-primary base-text-neutral-low-500 base-text-left\">Mas o que chamou a aten\u00e7\u00e3o foi o momento seguinte da fofoca. A noiva soltou: \u201cEle chegou e do nada me deu um beij\u00e3o\u201d, citou Mesquita, que completou: \u201cMeu sangue ferveu, ao mesmo tempo que fiquei [palavr\u00e3o], fiquei aliviado!\u201d<\/p>\n<p class=\"jarvics:base-text-neutral-high-400 base-text-[calc(theme(fontSize.xs)_*_var(--font-size,_1))] base-font-normal base-font-primary base-text-neutral-low-500 base-text-left\">O atleta ficou t\u00e3o revoltado, que stalkeou o homem com quem a noiva o traiu, descobriu a esposa, mas ela n\u00e3o tinha redes sociais. Mesquita ligou para a noiva e disparou: \u201cVoc\u00ea vai sair do meu apartamento hoje!\u201d.<\/p>\n<p class=\"jarvics:base-text-neutral-high-400 base-text-[calc(theme(fontSize.xs)_*_var(--font-size,_1))] base-font-normal base-font-primary base-text-neutral-low-500 base-text-left\">Em casa, ela tentou convenc\u00ea-lo de que estava errado e soltou: \u201cVoc\u00ea vai ficar acreditando em coisa da sua cabe\u00e7a?\u201d. Mesquita mostrou o v\u00eddeo para ela e a rea\u00e7\u00e3o foi como ele esperava: \u201cFalou nada, s\u00f3 saiu andando\u201d.<\/p>\n<p class=\"jarvics:base-text-neutral-high-400 base-text-[calc(theme(fontSize.xs)_*_var(--font-size,_1))] base-font-normal base-font-primary base-text-neutral-low-500 base-text-left\">Depois disso, eles assinaram a dissolu\u00e7\u00e3o do relacionamento, a ex-noiva ficou com um dos gatos e eles nunca mais se viram. Um m\u00eas depois, Mesquita j\u00e1 estava em A Fazenda. Que hist\u00f3ria, hein?<\/p>\n<p><b>Veja um trecho da fofoca:<\/b><\/p>\n<p class=\"jarvics:base-text-neutral-high-400 base-text-[calc(theme(fontSize.xs)_*_var(--font-size,_1))] base-font-normal base-font-primary base-text-neutral-low-500 base-text-left\">Fique ligado! <a href=\"https:\/\/record.r7.com\/a-fazenda\/a-fazenda-17\/\" rel=\"nofollow noopener\" title=\"https:\/\/record.r7.com\/a-fazenda\/a-fazenda-17\/\" target=\"_blank\"><b>A Fazenda 17<\/b><\/a> vai ao ar de segunda a domingo, \u00e0s 22h30, na tela da <a href=\"https:\/\/record.r7.com\/\" rel=\"nofollow noopener\" target=\"_blank\"><b>RECORD<\/b><\/a>. Assine o <a href=\"https:\/\/www.recordplus.com\/home\" rel=\"nofollow noopener\" title=\"https:\/\/www.recordplus.com\/home\" target=\"_blank\"><b>RecordPlus<\/b><\/a> e tenha acesso \u00e0s c\u00e2meras 24 horas.<\/p>\n<p><b>DR, Beij\u00e3o e fofoca: confira detalhes da Festa Nostalgia de A Fazenda 17<\/b><\/p>\n<p class=\"jarvics:base-text-neutral-high-400 base-text-[calc(theme(fontSize.xxs)_*_var(--font-size,_1))] base-font-semibold base-font-primary base-text-neutral-low-500 base-text-left\">Os pe\u00f5es de A Fazenda ca\u00edram na pista e entregaram tudo na Festa Nostalgia! A balada trouxe de volta a vibe anos 1990, com looks brilhantes, fliperama e o melhor do pagode com Netinho &amp; Fam\u00edlia de Paula; veja os detalhes!\n<\/p>\n<p class=\"jarvics:base-text-neutral-high-400 base-text-[calc(theme(fontSize.little)_*_var(--font-size,_1))] base-font-normal base-font-primary base-text-neutral-low-500 base-text-left\">Reprodu\u00e7\u00e3o\/RecordPlus<\/p>\n","protected":false},"excerpt":{"rendered":"Mesquita falou sobre todos os detalhes da trai\u00e7\u00e3o Reprodu\u00e7\u00e3o\/RecordPlus Trai\u00e7\u00e3o \u00e9 um assunto muito pol\u00eamico, mas a pe\u00e3ozada&hellip;\n","protected":false},"author":2,"featured_media":161337,"comment_status":"","ping_status":"","sticky":false,"template":"","format":"standard","meta":{"footnotes":""},"categories":[142],"tags":[657,114,115,25865,32,33,151],"class_list":{"0":"post-161336","1":"post","2":"type-post","3":"status-publish","4":"format-standard","5":"has-post-thumbnail","7":"category-tv","8":"tag-a-fazenda","9":"tag-entertainment","10":"tag-entretenimento","11":"tag-luiz-mesquita","12":"tag-portugal","13":"tag-pt","14":"tag-tv"},"share_on_mastodon":{"url":"https:\/\/pubeurope.com\/@pt\/115594585338498244","error":""},"_links":{"self":[{"href":"https:\/\/www.europesays.com\/pt\/wp-json\/wp\/v2\/posts\/161336","targetHints":{"allow":["GET"]}}],"collection":[{"href":"https:\/\/www.europesays.com\/pt\/wp-json\/wp\/v2\/posts"}],"about":[{"href":"https:\/\/www.europesays.com\/pt\/wp-json\/wp\/v2\/types\/post"}],"author":[{"embeddable":true,"href":"https:\/\/www.europesays.com\/pt\/wp-json\/wp\/v2\/users\/2"}],"replies":[{"embeddable":true,"href":"https:\/\/www.europesays.com\/pt\/wp-json\/wp\/v2\/comments?post=161336"}],"version-history":[{"count":0,"href":"https:\/\/www.europesays.com\/pt\/wp-json\/wp\/v2\/posts\/161336\/revisions"}],"wp:featuredmedia":[{"embeddable":true,"href":"https:\/\/www.europesays.com\/pt\/wp-json\/wp\/v2\/media\/161337"}],"wp:attachment":[{"href":"https:\/\/www.europesays.com\/pt\/wp-json\/wp\/v2\/media?parent=161336"}],"wp:term":[{"taxonomy":"category","embeddable":true,"href":"https:\/\/www.europesays.com\/pt\/wp-json\/wp\/v2\/categories?post=161336"},{"taxonomy":"post_tag","embeddable":true,"href":"https:\/\/www.europesays.com\/pt\/wp-json\/wp\/v2\/tags?post=161336"}],"curies":[{"name":"wp","href":"https:\/\/api.w.org\/{rel}","templated":true}]}}