{"id":161338,"date":"2025-11-22T17:43:25","date_gmt":"2025-11-22T17:43:25","guid":{"rendered":"https:\/\/www.europesays.com\/pt\/161338\/"},"modified":"2025-11-22T17:43:25","modified_gmt":"2025-11-22T17:43:25","slug":"dua-lipa-participara-do-domingao-com-huck","status":"publish","type":"post","link":"https:\/\/www.europesays.com\/pt\/161338\/","title":{"rendered":"Dua Lipa participar\u00e1 do Doming\u00e3o com Huck"},"content":{"rendered":"<p class=\"bullet mt-0\" data-v-232111b4=\"\">Depois de curtir um dia de praia com Luciano Huck e Ang\u00e9lica, Dua Lipa participar\u00e1 do Doming\u00e3o (Globo) amanh\u00e3.<\/p>\n<p>O que aconteceu<\/p>\n<p class=\"bullet\" data-v-232111b4=\"\"><strong>Ainda n\u00e3o h\u00e1 detalhes de como Dua Lipa aparecer\u00e1 na atra\u00e7\u00e3o.<\/strong> A Globo, no entanto, confirmou a <strong>Splash<\/strong> a participa\u00e7\u00e3o da cantora no programa deste domingo.<\/p>\n<p class=\"bullet\" data-v-232111b4=\"\"><strong>Luciano compartilhou um registro da visita da cantora \u00e0 sua casa em Angra dos Reis (RJ).<\/strong> Ang\u00e9lica tamb\u00e9m est\u00e1 na foto, assim como familiares de Dua Lipa: o pai, Dukajgin Lipa, e os irm\u00e3os, Rina e Gjin. <\/p>\n","protected":false},"excerpt":{"rendered":"Depois de curtir um dia de praia com Luciano Huck e Ang\u00e9lica, Dua Lipa participar\u00e1 do Doming\u00e3o (Globo)&hellip;\n","protected":false},"author":2,"featured_media":161339,"comment_status":"","ping_status":"","sticky":false,"template":"","format":"standard","meta":{"footnotes":""},"categories":[141],"tags":[114,115,149,150,32,33],"class_list":{"0":"post-161338","1":"post","2":"type-post","3":"status-publish","4":"format-standard","5":"has-post-thumbnail","7":"category-musica","8":"tag-entertainment","9":"tag-entretenimento","10":"tag-music","11":"tag-musica","12":"tag-portugal","13":"tag-pt"},"share_on_mastodon":{"url":"https:\/\/pubeurope.com\/@pt\/115594592724615920","error":""},"_links":{"self":[{"href":"https:\/\/www.europesays.com\/pt\/wp-json\/wp\/v2\/posts\/161338","targetHints":{"allow":["GET"]}}],"collection":[{"href":"https:\/\/www.europesays.com\/pt\/wp-json\/wp\/v2\/posts"}],"about":[{"href":"https:\/\/www.europesays.com\/pt\/wp-json\/wp\/v2\/types\/post"}],"author":[{"embeddable":true,"href":"https:\/\/www.europesays.com\/pt\/wp-json\/wp\/v2\/users\/2"}],"replies":[{"embeddable":true,"href":"https:\/\/www.europesays.com\/pt\/wp-json\/wp\/v2\/comments?post=161338"}],"version-history":[{"count":0,"href":"https:\/\/www.europesays.com\/pt\/wp-json\/wp\/v2\/posts\/161338\/revisions"}],"wp:featuredmedia":[{"embeddable":true,"href":"https:\/\/www.europesays.com\/pt\/wp-json\/wp\/v2\/media\/161339"}],"wp:attachment":[{"href":"https:\/\/www.europesays.com\/pt\/wp-json\/wp\/v2\/media?parent=161338"}],"wp:term":[{"taxonomy":"category","embeddable":true,"href":"https:\/\/www.europesays.com\/pt\/wp-json\/wp\/v2\/categories?post=161338"},{"taxonomy":"post_tag","embeddable":true,"href":"https:\/\/www.europesays.com\/pt\/wp-json\/wp\/v2\/tags?post=161338"}],"curies":[{"name":"wp","href":"https:\/\/api.w.org\/{rel}","templated":true}]}}