{"id":161342,"date":"2025-11-22T17:45:28","date_gmt":"2025-11-22T17:45:28","guid":{"rendered":"https:\/\/www.europesays.com\/pt\/161342\/"},"modified":"2025-11-22T17:45:28","modified_gmt":"2025-11-22T17:45:28","slug":"wsbk-miguel-oliveira-aponta-mais-um-potencial-talentoso-piloto-portugues","status":"publish","type":"post","link":"https:\/\/www.europesays.com\/pt\/161342\/","title":{"rendered":"WSBK: Miguel Oliveira aponta mais um \u2018potencial\u2019 talentoso piloto portugu\u00eas"},"content":{"rendered":"<p>Miguel Oliveira destacou recentemente dois jovens talentos portugueses que, na sua opini\u00e3o, t\u00eam potencial para chegar ao MotoGP: <a href=\"https:\/\/www.motosport.com.pt\/moto-gp\/motogp-miguel-oliveira-revela-o-piloto-portugues-que-podera-chegar-a-classe-rainha\" target=\"_blank\" rel=\"noopener nofollow\" title=\"Afonso Almeida mencionado j\u00e1 no artigo publicad\">Afonso Almeida mencionado j\u00e1 no artigo publicad<\/a>o e Tom\u00e1s Alonso.<\/p>\n<p>Alonso, atualmente a competir no Campeonato do Mundo de Supersport (WSSP), impressionou Oliveira pela determina\u00e7\u00e3o, t\u00e9cnica e evolu\u00e7\u00e3o constante. Apesar de estar numa categoria diferente, o piloto portugu\u00eas acredita que Alonso possui o talento necess\u00e1rio para, com as oportunidades certas, chegar \u00e0 elite do motociclismo mundial.<\/p>\n<p>Oliveira acrescentou que Tom\u00e1s Alonso, que j\u00e1 correu pela Miguel Oliveira Racing Team no passado, tal como Afonso Almeida, poder\u00e1 atingir um patamar alto no motociclismo mundial.<\/p>\n<p>\u2013 Al\u00e9m disso, na categoria Sportbike, haver\u00e1 possivelmente um piloto portugu\u00eas interessante, que \u00e9 Tom\u00e1s Alonso. Tamb\u00e9m come\u00e7\u00e1mos com ele quando era muito jovem e correu pela nossa equipa. \u00c9 tamb\u00e9m um rapaz em quem vejo muito potencial.<\/p>\n","protected":false},"excerpt":{"rendered":"Miguel Oliveira destacou recentemente dois jovens talentos portugueses que, na sua opini\u00e3o, t\u00eam potencial para chegar ao MotoGP:&hellip;\n","protected":false},"author":2,"featured_media":161343,"comment_status":"","ping_status":"","sticky":false,"template":"","format":"standard","meta":{"footnotes":""},"categories":[87],"tags":[135,32,33,134],"class_list":{"0":"post-161342","1":"post","2":"type-post","3":"status-publish","4":"format-standard","5":"has-post-thumbnail","7":"category-desporto","8":"tag-desporto","9":"tag-portugal","10":"tag-pt","11":"tag-sports"},"share_on_mastodon":{"url":"https:\/\/pubeurope.com\/@pt\/115594600279079369","error":""},"_links":{"self":[{"href":"https:\/\/www.europesays.com\/pt\/wp-json\/wp\/v2\/posts\/161342","targetHints":{"allow":["GET"]}}],"collection":[{"href":"https:\/\/www.europesays.com\/pt\/wp-json\/wp\/v2\/posts"}],"about":[{"href":"https:\/\/www.europesays.com\/pt\/wp-json\/wp\/v2\/types\/post"}],"author":[{"embeddable":true,"href":"https:\/\/www.europesays.com\/pt\/wp-json\/wp\/v2\/users\/2"}],"replies":[{"embeddable":true,"href":"https:\/\/www.europesays.com\/pt\/wp-json\/wp\/v2\/comments?post=161342"}],"version-history":[{"count":0,"href":"https:\/\/www.europesays.com\/pt\/wp-json\/wp\/v2\/posts\/161342\/revisions"}],"wp:featuredmedia":[{"embeddable":true,"href":"https:\/\/www.europesays.com\/pt\/wp-json\/wp\/v2\/media\/161343"}],"wp:attachment":[{"href":"https:\/\/www.europesays.com\/pt\/wp-json\/wp\/v2\/media?parent=161342"}],"wp:term":[{"taxonomy":"category","embeddable":true,"href":"https:\/\/www.europesays.com\/pt\/wp-json\/wp\/v2\/categories?post=161342"},{"taxonomy":"post_tag","embeddable":true,"href":"https:\/\/www.europesays.com\/pt\/wp-json\/wp\/v2\/tags?post=161342"}],"curies":[{"name":"wp","href":"https:\/\/api.w.org\/{rel}","templated":true}]}}