{"id":161355,"date":"2025-11-22T17:59:12","date_gmt":"2025-11-22T17:59:12","guid":{"rendered":"https:\/\/www.europesays.com\/pt\/161355\/"},"modified":"2025-11-22T17:59:12","modified_gmt":"2025-11-22T17:59:12","slug":"sinner-esta-obcecado-com-a-busca-de-uma-perfeicao-impossivel-e-nos-com-ele","status":"publish","type":"post","link":"https:\/\/www.europesays.com\/pt\/161355\/","title":{"rendered":"\u00abSinner est\u00e1 obcecado com a busca de uma perfei\u00e7\u00e3o imposs\u00edvel. E n\u00f3s, com ele\u00bb"},"content":{"rendered":"<p>Simone Vagnozzi, um dos treinadores de <a class=\"autolink-enabled\" data-resource-id=\"b128477f-4d4c-488f-a951-f01de0be17b6\" data-resource-type=\"player\" data-sport=\"tennis\" href=\"https:\/\/www.abola.pt\/tenis\/jogador\/jannik-sinner-5OI34VzBZEhajwrYUCnZuY\" rel=\"nofollow noopener\" target=\"_blank\">Jannik Sinner<\/a>, celebrou a \u00abtemporada incr\u00edvel\u00bb do tenista italiano, atual n\u00famero dois do mundo, numa publica\u00e7\u00e3o emotiva no Instagram. O t\u00e9cnico destacou a mentalidade do pupilo, afirmando que \u00ab\u00e9 o primeiro a nunca se querer contentar, mas sim a querer melhorar\u00bb.<\/p>\n<p>Vagnozzi recordou o que o ano de 2025 representou para a equipa, numa jornada marcada n\u00e3o s\u00f3 por triunfos, mas tamb\u00e9m por momentos de grande dificuldade, como a suspens\u00e3o de tr\u00eas meses ap\u00f3s um acordo com a WADA, relacionada com o conhecido caso Clostebol.<\/p>\n<p>\u00abUm ano repleto de sucessos, mas tamb\u00e9m complicado, com momentos dif\u00edceis&#8230; onde a diferen\u00e7a \u00e9 feita por aqueles pequenos detalhes, por vezes impercet\u00edveis\u00bb, escreveu o treinador. \u00abA verdade \u00e9 que esta equipa, nos momentos mais dif\u00edceis, une-se ainda mais. Cada um tenta dar uma parte de si para sairmos mais fortes, impulsionados por essa obsess\u00e3o na busca de uma perfei\u00e7\u00e3o imposs\u00edvel\u00bb.<\/p>\n<p>A temporada de <a target=\"_blank\" class=\"editor-link autolink-enabled\" href=\"https:\/\/www.abola.pt\/tenis\/jogador\/jannik-sinner-5OI34VzBZEhajwrYUCnZuY\" data-resource-id=\"b128477f-4d4c-488f-a951-f01de0be17b6\" data-resource-type=\"player\" data-sport=\"tennis\" rel=\"nofollow noopener\">Sinner<\/a> foi, de facto, extraordin\u00e1ria: o italiano conquistou seis torneios, incluindo os Grand Slams do Australian Open (o seu segundo consecutivo) e <a target=\"_blank\" class=\"editor-link autolink-enabled\" href=\"https:\/\/www.abola.pt\/tenis\/competicao\/wimbledon-OR1A0rN0y2tbY289rfPSP\" data-resource-id=\"0cf32154-8b95-4234-b569-d85083c76b2d\" data-resource-type=\"competition\" data-sport=\"tennis\" rel=\"nofollow noopener\">Wimbledon<\/a>. No total, alcan\u00e7ou dez finais nos doze torneios em que participou e terminou o ano na segunda posi\u00e7\u00e3o do ranking, atr\u00e1s de <a target=\"_blank\" class=\"editor-link autolink-enabled\" href=\"https:\/\/www.abola.pt\/tenis\/jogador\/carlos-alcaraz-4AP5Bk8FGK41vAOcxw4235\" data-resource-id=\"88f0fa5a-d0e7-4010-92c4-c121dbee8c67\" data-resource-type=\"player\" data-sport=\"tennis\" rel=\"nofollow noopener\">Carlos Alcaraz<\/a>. O duelo com o espanhol pelo trono do t\u00e9nis mundial promete continuar em 2026.<\/p>\n","protected":false},"excerpt":{"rendered":"Simone Vagnozzi, um dos treinadores de Jannik Sinner, celebrou a \u00abtemporada incr\u00edvel\u00bb do tenista italiano, atual n\u00famero dois&hellip;\n","protected":false},"author":2,"featured_media":161356,"comment_status":"","ping_status":"","sticky":false,"template":"","format":"standard","meta":{"footnotes":""},"categories":[87],"tags":[135,32,33,134],"class_list":{"0":"post-161355","1":"post","2":"type-post","3":"status-publish","4":"format-standard","5":"has-post-thumbnail","7":"category-desporto","8":"tag-desporto","9":"tag-portugal","10":"tag-pt","11":"tag-sports"},"share_on_mastodon":{"url":"https:\/\/pubeurope.com\/@pt\/115594655429101525","error":""},"_links":{"self":[{"href":"https:\/\/www.europesays.com\/pt\/wp-json\/wp\/v2\/posts\/161355","targetHints":{"allow":["GET"]}}],"collection":[{"href":"https:\/\/www.europesays.com\/pt\/wp-json\/wp\/v2\/posts"}],"about":[{"href":"https:\/\/www.europesays.com\/pt\/wp-json\/wp\/v2\/types\/post"}],"author":[{"embeddable":true,"href":"https:\/\/www.europesays.com\/pt\/wp-json\/wp\/v2\/users\/2"}],"replies":[{"embeddable":true,"href":"https:\/\/www.europesays.com\/pt\/wp-json\/wp\/v2\/comments?post=161355"}],"version-history":[{"count":0,"href":"https:\/\/www.europesays.com\/pt\/wp-json\/wp\/v2\/posts\/161355\/revisions"}],"wp:featuredmedia":[{"embeddable":true,"href":"https:\/\/www.europesays.com\/pt\/wp-json\/wp\/v2\/media\/161356"}],"wp:attachment":[{"href":"https:\/\/www.europesays.com\/pt\/wp-json\/wp\/v2\/media?parent=161355"}],"wp:term":[{"taxonomy":"category","embeddable":true,"href":"https:\/\/www.europesays.com\/pt\/wp-json\/wp\/v2\/categories?post=161355"},{"taxonomy":"post_tag","embeddable":true,"href":"https:\/\/www.europesays.com\/pt\/wp-json\/wp\/v2\/tags?post=161355"}],"curies":[{"name":"wp","href":"https:\/\/api.w.org\/{rel}","templated":true}]}}