{"id":161357,"date":"2025-11-22T18:04:12","date_gmt":"2025-11-22T18:04:12","guid":{"rendered":"https:\/\/www.europesays.com\/pt\/161357\/"},"modified":"2025-11-22T18:04:12","modified_gmt":"2025-11-22T18:04:12","slug":"chefes-de-estado-e-de-governo-do-g20-adotam-declaracao-conjunta","status":"publish","type":"post","link":"https:\/\/www.europesays.com\/pt\/161357\/","title":{"rendered":"Chefes de Estado e de Governo do G20 adotam declara\u00e7\u00e3o conjunta"},"content":{"rendered":"<p><b>Acompanhe toda a atualidade informativa em\u00a0<\/b><a href=\"http:\/\/24noticias.sapo.pt\" rel=\"nofollow noopener\" target=\"_blank\"><b>24noticias.sapo.pt<\/b><\/a><\/p>\n<p>Os chefes de Estado e de Governo do G20, que re\u00fane as principais economias do mundo, adotaram este s\u00e1bado por unanimidade uma declara\u00e7\u00e3o de l\u00edderes durante a cimeira anual em Joanesburgo, apesar da aus\u00eancia dos Estados Unidos nos debates.<\/p>\n<p>Assim anunciou Vincent Magwenya, porta-voz do presidente sul-africano, Cyril Ramaphosa, que det\u00e9m a presid\u00eancia rotativa do grupo, assegurando que o documento foi adotado por &#8220;unanimidade por todos os pa\u00edses presentes&#8221;, o que &#8220;demonstra o compromisso que os membros do G20 t\u00eam com o multilateralismo como princ\u00edpio para a colabora\u00e7\u00e3o e a coopera\u00e7\u00e3o&#8221;.<\/p>\n<p>Magwenya explicou que, embora a declara\u00e7\u00e3o seja geralmente aprovada no final da cimeira, ao longo de sexta-feira, durante v\u00e1rias conversa\u00e7\u00f5es bilaterais, &#8220;surgiu a ideia de que dever\u00edamos proceder primeiro \u00e0 ado\u00e7\u00e3o da declara\u00e7\u00e3o da cimeira como primeiro ponto do dia e depois continuar com o restante da sess\u00e3o&#8221;.<\/p>\n<p>__<\/p>\n<p><b>A sua newsletter de sempre, agora ainda mais \u00fatil<\/b><\/p>\n<p>Com o lan\u00e7amento da nova marca de informa\u00e7\u00e3o\u00a0<b>24not\u00edcias<\/b>, estamos a mudar a plataforma de newsletters, aproveitando para refor\u00e7ar a informa\u00e7\u00e3o que os leitores mais valorizam:\u00a0<b>a que lhes \u00e9 \u00fatil, ajuda a tomar decis\u00f5es e a entender o mundo.<\/b><\/p>\n<p><b>Assine a nova newsletter do 24not\u00edcias\u00a0<\/b><a href=\"https:\/\/sapo.us1.list-manage.com\/subscribe?u=8f49263740b14ab5854be8045&amp;id=57a39c5e8f\" rel=\"nofollow noopener\" target=\"_blank\"><b>aqui<\/b><\/a><b>.<\/b><\/p>\n","protected":false},"excerpt":{"rendered":"Acompanhe toda a atualidade informativa em\u00a024noticias.sapo.pt Os chefes de Estado e de Governo do G20, que re\u00fane as&hellip;\n","protected":false},"author":2,"featured_media":161358,"comment_status":"","ping_status":"","sticky":false,"template":"","format":"standard","meta":{"footnotes":""},"categories":[50],"tags":[27,28,15,16,14,25,26,21,22,62,12,13,19,20,23,24,17,18,29,30,31,63,64,65],"class_list":{"0":"post-161357","1":"post","2":"type-post","3":"status-publish","4":"format-standard","5":"has-post-thumbnail","7":"category-mundo","8":"tag-breaking-news","9":"tag-breakingnews","10":"tag-featured-news","11":"tag-featurednews","12":"tag-headlines","13":"tag-latest-news","14":"tag-latestnews","15":"tag-main-news","16":"tag-mainnews","17":"tag-mundo","18":"tag-news","19":"tag-noticias","20":"tag-noticias-principais","21":"tag-noticiasprincipais","22":"tag-principais-noticias","23":"tag-principaisnoticias","24":"tag-top-stories","25":"tag-topstories","26":"tag-ultimas","27":"tag-ultimas-noticias","28":"tag-ultimasnoticias","29":"tag-world","30":"tag-world-news","31":"tag-worldnews"},"share_on_mastodon":{"url":"https:\/\/pubeurope.com\/@pt\/115594675203470201","error":""},"_links":{"self":[{"href":"https:\/\/www.europesays.com\/pt\/wp-json\/wp\/v2\/posts\/161357","targetHints":{"allow":["GET"]}}],"collection":[{"href":"https:\/\/www.europesays.com\/pt\/wp-json\/wp\/v2\/posts"}],"about":[{"href":"https:\/\/www.europesays.com\/pt\/wp-json\/wp\/v2\/types\/post"}],"author":[{"embeddable":true,"href":"https:\/\/www.europesays.com\/pt\/wp-json\/wp\/v2\/users\/2"}],"replies":[{"embeddable":true,"href":"https:\/\/www.europesays.com\/pt\/wp-json\/wp\/v2\/comments?post=161357"}],"version-history":[{"count":0,"href":"https:\/\/www.europesays.com\/pt\/wp-json\/wp\/v2\/posts\/161357\/revisions"}],"wp:featuredmedia":[{"embeddable":true,"href":"https:\/\/www.europesays.com\/pt\/wp-json\/wp\/v2\/media\/161358"}],"wp:attachment":[{"href":"https:\/\/www.europesays.com\/pt\/wp-json\/wp\/v2\/media?parent=161357"}],"wp:term":[{"taxonomy":"category","embeddable":true,"href":"https:\/\/www.europesays.com\/pt\/wp-json\/wp\/v2\/categories?post=161357"},{"taxonomy":"post_tag","embeddable":true,"href":"https:\/\/www.europesays.com\/pt\/wp-json\/wp\/v2\/tags?post=161357"}],"curies":[{"name":"wp","href":"https:\/\/api.w.org\/{rel}","templated":true}]}}