{"id":161359,"date":"2025-11-22T18:05:52","date_gmt":"2025-11-22T18:05:52","guid":{"rendered":"https:\/\/www.europesays.com\/pt\/161359\/"},"modified":"2025-11-22T18:05:52","modified_gmt":"2025-11-22T18:05:52","slug":"espada-da-estatua-de-d-afonso-henriques-retirada-apos-desaparecer-peca","status":"publish","type":"post","link":"https:\/\/www.europesays.com\/pt\/161359\/","title":{"rendered":"Espada da est\u00e1tua de D. Afonso Henriques retirada ap\u00f3s desaparecer pe\u00e7a"},"content":{"rendered":"<p>&#8220;A decis\u00e3o resulta da necessidade de salvaguardar o conjunto escult\u00f3rico, ap\u00f3s o desaparecimento de uma pe\u00e7a essencial \u00e0 estabilidade e sua integridade&#8221;, refere um comunicado conjunto da C\u00e2mara de Guimar\u00e3es e da Dire\u00e7\u00e3o do Pa\u00e7o dos Duques de Bragan\u00e7a, Castelo de Guimar\u00e3es e Igreja de S. Miguel do Castelo (monumentos sobre a tutela da Museus e Monumentos de Portugal, E.P.E).<\/p>\n<p>Sem referir que pe\u00e7a desapareceu, estas entidades acrescentam que &#8220;a remo\u00e7\u00e3o preventiva [da espada] permitir\u00e1 garantir a correta preserva\u00e7\u00e3o da est\u00e1tua, enquanto decorrem os procedimentos t\u00e9cnicos necess\u00e1rios&#8221;.<\/p>\n<p>O comunicado refere ainda que &#8220;o caso foi j\u00e1 comunicado \u00e0s autoridades competentes, que se encontram a desenvolver as dilig\u00eancias adequadas&#8221;.<\/p>\n<p>Contactada pela Lusa, fonte policial referiu que a pe\u00e7a desaparecida estava colocada junto ao punho e permitia dar estabilidade \u00e0 espada.<\/p>\n<p>A mesma fonte disse que a investiga\u00e7\u00e3o transitou para a Pol\u00edcia Judici\u00e1ria, pois trata-se de um eventual crime contra o patrim\u00f3nio, neste caso cultural.<\/p>\n<p>A escultura, da autoria de Soares dos Reis, foi inaugurada em 20 de setembro de 1887, pelo rei D. Lu\u00eds, no atual Largo de S\u00e3o Francisco.<\/p>\n<p>Leia Tamb\u00e9m: <a href=\"https:\/\/www.noticiasaominuto.com\/pais\/2889766\/futura-residencia-universitaria-em-guimaraes-com-derrocada-parcial\" target=\"_blank\" rel=\"noopener noreferrer nofollow\">Futura resid\u00eancia universit\u00e1ria em Guimar\u00e3es com derrocada parcial<\/a><\/p>\n","protected":false},"excerpt":{"rendered":"&#8220;A decis\u00e3o resulta da necessidade de salvaguardar o conjunto escult\u00f3rico, ap\u00f3s o desaparecimento de uma pe\u00e7a essencial \u00e0&hellip;\n","protected":false},"author":2,"featured_media":161360,"comment_status":"","ping_status":"","sticky":false,"template":"","format":"standard","meta":{"footnotes":""},"categories":[10],"tags":[27,28,15,16,14,25,26,21,22,12,13,19,20,32,23,24,33,17,18,29,30,31],"class_list":{"0":"post-161359","1":"post","2":"type-post","3":"status-publish","4":"format-standard","5":"has-post-thumbnail","7":"category-portugal","8":"tag-breaking-news","9":"tag-breakingnews","10":"tag-featured-news","11":"tag-featurednews","12":"tag-headlines","13":"tag-latest-news","14":"tag-latestnews","15":"tag-main-news","16":"tag-mainnews","17":"tag-news","18":"tag-noticias","19":"tag-noticias-principais","20":"tag-noticiasprincipais","21":"tag-portugal","22":"tag-principais-noticias","23":"tag-principaisnoticias","24":"tag-pt","25":"tag-top-stories","26":"tag-topstories","27":"tag-ultimas","28":"tag-ultimas-noticias","29":"tag-ultimasnoticias"},"share_on_mastodon":{"url":"https:\/\/pubeurope.com\/@pt\/115594682929780900","error":""},"_links":{"self":[{"href":"https:\/\/www.europesays.com\/pt\/wp-json\/wp\/v2\/posts\/161359","targetHints":{"allow":["GET"]}}],"collection":[{"href":"https:\/\/www.europesays.com\/pt\/wp-json\/wp\/v2\/posts"}],"about":[{"href":"https:\/\/www.europesays.com\/pt\/wp-json\/wp\/v2\/types\/post"}],"author":[{"embeddable":true,"href":"https:\/\/www.europesays.com\/pt\/wp-json\/wp\/v2\/users\/2"}],"replies":[{"embeddable":true,"href":"https:\/\/www.europesays.com\/pt\/wp-json\/wp\/v2\/comments?post=161359"}],"version-history":[{"count":0,"href":"https:\/\/www.europesays.com\/pt\/wp-json\/wp\/v2\/posts\/161359\/revisions"}],"wp:featuredmedia":[{"embeddable":true,"href":"https:\/\/www.europesays.com\/pt\/wp-json\/wp\/v2\/media\/161360"}],"wp:attachment":[{"href":"https:\/\/www.europesays.com\/pt\/wp-json\/wp\/v2\/media?parent=161359"}],"wp:term":[{"taxonomy":"category","embeddable":true,"href":"https:\/\/www.europesays.com\/pt\/wp-json\/wp\/v2\/categories?post=161359"},{"taxonomy":"post_tag","embeddable":true,"href":"https:\/\/www.europesays.com\/pt\/wp-json\/wp\/v2\/tags?post=161359"}],"curies":[{"name":"wp","href":"https:\/\/api.w.org\/{rel}","templated":true}]}}