{"id":161393,"date":"2025-11-22T18:38:10","date_gmt":"2025-11-22T18:38:10","guid":{"rendered":"https:\/\/www.europesays.com\/pt\/161393\/"},"modified":"2025-11-22T18:38:10","modified_gmt":"2025-11-22T18:38:10","slug":"como-foi-o-plantao-da-globo-que-interrompeu-a-programacao-para-anunciar-prisao-de-bolsonaro","status":"publish","type":"post","link":"https:\/\/www.europesays.com\/pt\/161393\/","title":{"rendered":"Como foi o Plant\u00e3o da Globo que interrompeu a programa\u00e7\u00e3o para anunciar pris\u00e3o de Bolsonaro"},"content":{"rendered":"<p>                        <img width=\"944\" height=\"531\" src=\"https:\/\/www.europesays.com\/pt\/wp-content\/uploads\/2025\/11\/Como-foi-o-Plantao-da-Globo-que-interrompeu-a-programacao-para-anunciar-prisao-de-Bolsonaro-944x531..jpeg\" class=\"attachment-custom-large size-custom-large article-featured-image\" alt=\"Como foi o Plant\u00e3o da Globo que interrompeu a programa\u00e7\u00e3o para anunciar pris\u00e3o de Bolsonaro\" fetchpriority=\"high\" decoding=\"async\"  \/><\/p>\n<p>A jornalista Sabrina Simonato no plant\u00e3o da Globo que anunciou a pris\u00e3o de Bolsonaro. (Foto: Reprodu\u00e7\u00e3o, TV Globo)<\/p>\n<p>A vinheta do <strong>Plant\u00e3o da Globo<\/strong> interrompeu a programa\u00e7\u00e3o da emissora, durante a <strong>manh\u00e3 deste s\u00e1bado (22) para anunciar a pris\u00e3o do ex-presidente Jair Bolsonaro<\/strong>. \u00c0s 6h43min (hor\u00e1rio de Bras\u00edlia), a apresentadora Sabrina Simonato informou a pris\u00e3o de Bolsonaro.<\/p>\n<p>Continua depois da publicidade<\/p>\n<p>\u201cSeis horas e quarenta e tr\u00eas minutos pelo hor\u00e1rio de Bras\u00edlia. O ex-presidente Jair Bolsonaro foi preso na manh\u00e3 deste s\u00e1bado, por volta da seis horas da manh\u00e3. Ele estava no condom\u00ednio onde mora, j\u00e1 cumprindo pris\u00e3o domiciliar. Neste momento, Bolsonaro j\u00e1 est\u00e1 na sede da Superintend\u00eancia da Pol\u00edcia Federal em Bras\u00edlia. A nossa apura\u00e7\u00e3o diz que essa pris\u00e3o \u00e9 preventiva, portanto n\u00e3o se trata ainda do cumprimento da pena\u201d, informou Simonato.<\/p>\n<p>Depois disso, chamou imagens ao vivo de Bras\u00edlia. O <strong>plant\u00e3o da Globo interrompeu o Globo Rural<\/strong>, que estava no ar e o programa n\u00e3o voltou a ser exibido, pois a emissora ficou ao vivo trazendo as principais informa\u00e7\u00f5es do acontecimento.<\/p>\n<p>Nas redes sociais, como \u00e9 de costume a <strong>cada vez que a vinheta do plant\u00e3o da Globo interrompe a programa\u00e7\u00e3o<\/strong>, as pessoas se assustaram e comentaram sobre a sensa\u00e7\u00e3o provocada pela trilha da vinheta.<\/p>\n<p>Continua depois da publicidade<\/p>\n<p>Plant\u00e3o da Globo: Jair Bolsonaro \u00e9 preso em Bras\u00edlia a pedido da Pol\u00edcia Federal<a href=\"https:\/\/www.youtube.com\/@g1globo\" rel=\"nofollow noopener\" target=\"_blank\"><\/p>\n<p>Voc\u00ea pode se interessar em ver tamb\u00e9m <strong><a href=\"https:\/\/www.nsctotal.com.br\/noticias\/as-6-doencas-de-bolsonaro-e-a-lista-de-exames-enviada-ao-stf-para-pedir-prisao-domiciliar\" target=\"_blank\" rel=\"noreferrer noopener nofollow\">as 6 doen\u00e7as de Bolsonaro e a lista de exames enviada ao STF para pedir pris\u00e3o domiciliar<\/a><\/strong>.<\/p>\n","protected":false},"excerpt":{"rendered":"A jornalista Sabrina Simonato no plant\u00e3o da Globo que anunciou a pris\u00e3o de Bolsonaro. (Foto: Reprodu\u00e7\u00e3o, TV Globo)&hellip;\n","protected":false},"author":2,"featured_media":161394,"comment_status":"","ping_status":"","sticky":false,"template":"","format":"standard","meta":{"footnotes":""},"categories":[142],"tags":[114,115,32,33,151,543],"class_list":{"0":"post-161393","1":"post","2":"type-post","3":"status-publish","4":"format-standard","5":"has-post-thumbnail","7":"category-tv","8":"tag-entertainment","9":"tag-entretenimento","10":"tag-portugal","11":"tag-pt","12":"tag-tv","13":"tag-ver-ouvir-ler"},"share_on_mastodon":{"url":"https:\/\/pubeurope.com\/@pt\/115594809240817724","error":""},"_links":{"self":[{"href":"https:\/\/www.europesays.com\/pt\/wp-json\/wp\/v2\/posts\/161393","targetHints":{"allow":["GET"]}}],"collection":[{"href":"https:\/\/www.europesays.com\/pt\/wp-json\/wp\/v2\/posts"}],"about":[{"href":"https:\/\/www.europesays.com\/pt\/wp-json\/wp\/v2\/types\/post"}],"author":[{"embeddable":true,"href":"https:\/\/www.europesays.com\/pt\/wp-json\/wp\/v2\/users\/2"}],"replies":[{"embeddable":true,"href":"https:\/\/www.europesays.com\/pt\/wp-json\/wp\/v2\/comments?post=161393"}],"version-history":[{"count":0,"href":"https:\/\/www.europesays.com\/pt\/wp-json\/wp\/v2\/posts\/161393\/revisions"}],"wp:featuredmedia":[{"embeddable":true,"href":"https:\/\/www.europesays.com\/pt\/wp-json\/wp\/v2\/media\/161394"}],"wp:attachment":[{"href":"https:\/\/www.europesays.com\/pt\/wp-json\/wp\/v2\/media?parent=161393"}],"wp:term":[{"taxonomy":"category","embeddable":true,"href":"https:\/\/www.europesays.com\/pt\/wp-json\/wp\/v2\/categories?post=161393"},{"taxonomy":"post_tag","embeddable":true,"href":"https:\/\/www.europesays.com\/pt\/wp-json\/wp\/v2\/tags?post=161393"}],"curies":[{"name":"wp","href":"https:\/\/api.w.org\/{rel}","templated":true}]}}