{"id":161403,"date":"2025-11-22T18:52:44","date_gmt":"2025-11-22T18:52:44","guid":{"rendered":"https:\/\/www.europesays.com\/pt\/161403\/"},"modified":"2025-11-22T18:52:44","modified_gmt":"2025-11-22T18:52:44","slug":"espada-de-d-afonso-henriques-em-guimaraes-volta-a-ser-vandalizada","status":"publish","type":"post","link":"https:\/\/www.europesays.com\/pt\/161403\/","title":{"rendered":"Espada de D. Afonso Henriques em Guimar\u00e3es volta a ser vandalizada"},"content":{"rendered":"<p data-remotead-prev-elm=\"true\" data-remotead-elm-id=\"inread\">Depois de receber o alerta, o diretor do Pa\u00e7o dos Duques de Bragan\u00e7a, Milton Pacheco, em articula\u00e7\u00e3o com a C\u00e2mara Municipal, decidiu retirar a espada para salvaguardar a pe\u00e7a. A est\u00e1tua do primeiro rei de Portugal, e particularmente a espada, j\u00e1 foram objeto de outros atos de vandalismo no passado, o \u00faltimo dos quais em 2021.<\/p>\n<p>&#8220;N\u00e3o sabemos em que momento aconteceu. Fomos alertados esta sexta-feira e, neste momento, estamos a aguardar a chegada da PSP, para proceder \u00e0 retirada da espada, por uma quest\u00e3o de precau\u00e7\u00e3o&#8221;, esclareceu Milton Pacheco ao JN. &#8220;N\u00e3o podemos dizer se foi uma tentativa de roubo, caber\u00e1 \u00e0s autoridades avaliar&#8221;, acrescentou.<\/p>\n<p>&#8220;A decis\u00e3o [de retirar a espada] resulta da necessidade de salvaguardar o conjunto escult\u00f3rico, ap\u00f3s o desaparecimento de uma pe\u00e7a essencial \u00e0 estabilidade e a sua integridade&#8221;, informou o Munic\u00edpio. Milton Pacheco assegurou que o Pa\u00e7o dos Duques est\u00e1 na posse dos desenhos originais da est\u00e1tua e que a mesma ser\u00e1 devolvida \u00e0 est\u00e1tua depois de restaurada. Recorde-se que a espada da est\u00e1tua de D. Afonso Henriques foi partida em agosto de 2014, roubada em fevereiro de 2020 e novamente partida, em outubro de 2021. <\/p>\n<p>Criada por Ant\u00f3nio Soares dos Reis, figura destacada das belas-artes portuguesas na segunda metade do s\u00e9culo XIX, a escultura de D. Afonso Henriques, em Guimar\u00e3es, foi inaugurada em 20 de outubro de 1887. Inicialmente foi colocada no largo de S\u00e3o Francisco, mais tarde mudada para o largo do Toural, encontrando-se junto ao Pa\u00e7o dos Duques desde 1940.<\/p>\n","protected":false},"excerpt":{"rendered":"Depois de receber o alerta, o diretor do Pa\u00e7o dos Duques de Bragan\u00e7a, Milton Pacheco, em articula\u00e7\u00e3o com&hellip;\n","protected":false},"author":2,"featured_media":161404,"comment_status":"","ping_status":"","sticky":false,"template":"","format":"standard","meta":{"footnotes":""},"categories":[10],"tags":[27,28,20262,15,16,14,25,26,21,22,12,13,19,20,32,23,24,33,17,18,29,30,31,20910],"class_list":{"0":"post-161403","1":"post","2":"type-post","3":"status-publish","4":"format-standard","5":"has-post-thumbnail","7":"category-portugal","8":"tag-breaking-news","9":"tag-breakingnews","10":"tag-concelho-guimaraes","11":"tag-featured-news","12":"tag-featurednews","13":"tag-headlines","14":"tag-latest-news","15":"tag-latestnews","16":"tag-main-news","17":"tag-mainnews","18":"tag-news","19":"tag-noticias","20":"tag-noticias-principais","21":"tag-noticiasprincipais","22":"tag-portugal","23":"tag-principais-noticias","24":"tag-principaisnoticias","25":"tag-pt","26":"tag-top-stories","27":"tag-topstories","28":"tag-ultimas","29":"tag-ultimas-noticias","30":"tag-ultimasnoticias","31":"tag-vandalismo"},"share_on_mastodon":{"url":"https:\/\/pubeurope.com\/@pt\/115594863859287646","error":""},"_links":{"self":[{"href":"https:\/\/www.europesays.com\/pt\/wp-json\/wp\/v2\/posts\/161403","targetHints":{"allow":["GET"]}}],"collection":[{"href":"https:\/\/www.europesays.com\/pt\/wp-json\/wp\/v2\/posts"}],"about":[{"href":"https:\/\/www.europesays.com\/pt\/wp-json\/wp\/v2\/types\/post"}],"author":[{"embeddable":true,"href":"https:\/\/www.europesays.com\/pt\/wp-json\/wp\/v2\/users\/2"}],"replies":[{"embeddable":true,"href":"https:\/\/www.europesays.com\/pt\/wp-json\/wp\/v2\/comments?post=161403"}],"version-history":[{"count":0,"href":"https:\/\/www.europesays.com\/pt\/wp-json\/wp\/v2\/posts\/161403\/revisions"}],"wp:featuredmedia":[{"embeddable":true,"href":"https:\/\/www.europesays.com\/pt\/wp-json\/wp\/v2\/media\/161404"}],"wp:attachment":[{"href":"https:\/\/www.europesays.com\/pt\/wp-json\/wp\/v2\/media?parent=161403"}],"wp:term":[{"taxonomy":"category","embeddable":true,"href":"https:\/\/www.europesays.com\/pt\/wp-json\/wp\/v2\/categories?post=161403"},{"taxonomy":"post_tag","embeddable":true,"href":"https:\/\/www.europesays.com\/pt\/wp-json\/wp\/v2\/tags?post=161403"}],"curies":[{"name":"wp","href":"https:\/\/api.w.org\/{rel}","templated":true}]}}