{"id":161405,"date":"2025-11-22T18:53:09","date_gmt":"2025-11-22T18:53:09","guid":{"rendered":"https:\/\/www.europesays.com\/pt\/161405\/"},"modified":"2025-11-22T18:53:09","modified_gmt":"2025-11-22T18:53:09","slug":"sporting-x-marinhense-ao-minuto-maisfutebol","status":"publish","type":"post","link":"https:\/\/www.europesays.com\/pt\/161405\/","title":{"rendered":"Sporting X Marinhense &#8211; AO MINUTO &#8211; Maisfutebol"},"content":{"rendered":"<ol>\n<li><a href=\"https:\/\/news.google.com\/rss\/articles\/CBMiXkFVX3lxTE5zN1NDSzd4ZkVQU3lDWmVZSGlNRGdPTDNhZkc3bVZNVTJic0MySW9HeXpMMGpZWFFJRm85YjdWOHFUaGpKdVFYNU53akhsUmMtQlpITEdQUElicWRwclE?oc=5\" target=\"_blank\" rel=\"nofollow noopener\">Sporting X Marinhense &#8211; AO MINUTO<\/a>&nbsp;&nbsp;Maisfutebol<\/li>\n<li><a href=\"https:\/\/news.google.com\/rss\/articles\/CBMiekFVX3lxTE9tTm9KSmlJc1d2YnB3TUg3RDNyT2V3LU82RVU5eVM3bEgtcHlmUHVFRU5JM3BJOHZzZDdTVFJlOWJodkRadGhwM2JwYW52bTVBNDBZYUh1cGxyeVlQSl9FYlJtVGdYbElGbFVNMklNUGgxVHdabGVHN2NB?oc=5\" target=\"_blank\" rel=\"nofollow noopener\">Liveblog Sporting vs Marinhense novembro 2025<\/a>&nbsp;&nbsp;A Bola<\/li>\n<li><a href=\"https:\/\/news.google.com\/rss\/articles\/CBMiwAFBVV95cUxOVWZaQmVNZWxJcHNFWHVCengydzc4ZzNtR2NhcE5UejFjaTJDb3pCbmM3aDNsYXpvZDh1WGlkSXdjakFwdk5XYTY2SjlyOEV3RTNXMUtwb0tXQWxxRVctSXZfbDhFVFBCVDZRa0FVS1BDb3VZbk5aLTdVMERzbEs3bHJXVC1tRGlsMzZ5U3MtdGVhdXNUV0VzY0RTc0hzUVdMWXUtM3FONmozX1N3ZnJBODJMUXNkOVFNTzZfSm5DSk4?oc=5\" target=\"_blank\" rel=\"nofollow noopener\">Rui Borges conta com Pedro Gon\u00e7alves &#8220;nos pr\u00f3ximos dias&#8221; mas n\u00e3o adianta quando<\/a>&nbsp;&nbsp;RTP<\/li>\n<li><a href=\"https:\/\/news.google.com\/rss\/articles\/CBMirgFBVV95cUxOeWlwbVViNUF3clItSEZ3R2lIcVQ1RC12MlhsM1k5ck5jU09xOUZhREF5dGg3a25DYnlxd3dzOTBfc3NkcVk1d1p1anRyaFcxUkwxSWcwV1VMbVJ6b2NtRnBFd3FocU5XdUpSWXNOSGxvM2tNQWs5MXNuUEtnRWprZnNkVVdtRUlTVDFPT0VJcEgtd0FoY1pGNUNodGtudVd3RHpEUXZvOXkwVTIzWlHSAbMBQVVfeXFMT1RJdlNwbnJBcWpVaGxrekF4TTBMY2Vmbkl0bkpNblBWeWotQUpqNERtMHhBeUVTeVd2SVN5ZG91YlpjMDFaNk16UU5KNVBFNE5ibzd0UUtrdlVHMU9HLUtLTkFJOG5DWlRYTVJXS093UkoyZk4yM2MtMG42VVpCRzB6SFlBdDZaekhKTzZMVUF0bjJyNXVRNHljZXl3dVplQW91OTVsOGlfZV9fNDBGWFZzQVk?oc=5\" target=\"_blank\" rel=\"nofollow noopener\">Renato Sousa acredita num milagre em Alvalade: \u00abPor que n\u00e3o?\u00bb<\/a>&nbsp;&nbsp;Maisfutebol<\/li>\n<li><a href=\"https:\/\/news.google.com\/rss\/articles\/CBMipgFBVV95cUxNQ1NyOXMzWURKRWpmTW9zcE82d25neGZfbld6RHluQ0ZXMXNJSXlDZmJQZ3l2ODBRTjViaGJUbGN6MDBQd0dHbEJEdkthYmxyZ3dyM3lheHctSWM2aWh3Tzcxalh3Ty0xX3hnOTNnVmRiZi1TMnU3TzYyRHBJWnl1N1Q1UGcwUGFWS2lHRElwYlJxdlRFeE5UdUZnUDBtOG15OHVjQUZR?oc=5\" target=\"_blank\" rel=\"nofollow noopener\">Em direto\/ Sporting-Marinhense. Salvador Blopa e Rodrigo Ribeiro no onze (0-0, 1&#8242;)<\/a>&nbsp;&nbsp;Observador<\/li>\n<\/ol>\n","protected":false},"excerpt":{"rendered":"Sporting X Marinhense &#8211; AO MINUTO&nbsp;&nbsp;Maisfutebol Liveblog Sporting vs Marinhense novembro 2025&nbsp;&nbsp;A Bola Rui Borges conta com Pedro&hellip;\n","protected":false},"author":2,"featured_media":52081,"comment_status":"","ping_status":"","sticky":false,"template":"","format":"standard","meta":{"footnotes":""},"categories":[8],"tags":[27,28,15,16,14,25,26,21,22,8411,12,13,19,20,32,23,24,33,47,34,3142,27231,17,18,29,30,31],"class_list":{"0":"post-161405","1":"post","2":"type-post","3":"status-publish","4":"format-standard","5":"has-post-thumbnail","7":"category-principais-noticias","8":"tag-breaking-news","9":"tag-breakingnews","10":"tag-featured-news","11":"tag-featurednews","12":"tag-headlines","13":"tag-latest-news","14":"tag-latestnews","15":"tag-main-news","16":"tag-mainnews","17":"tag-marinhense","18":"tag-news","19":"tag-noticias","20":"tag-noticias-principais","21":"tag-noticiasprincipais","22":"tag-portugal","23":"tag-principais-noticias","24":"tag-principaisnoticias","25":"tag-pt","26":"tag-pura-paixao","27":"tag-sporting","28":"tag-taca-de-portugal","29":"tag-taca-de-portugal-2025-2026","30":"tag-top-stories","31":"tag-topstories","32":"tag-ultimas","33":"tag-ultimas-noticias","34":"tag-ultimasnoticias"},"share_on_mastodon":{"url":"https:\/\/pubeurope.com\/@pt\/115594867942472197","error":""},"_links":{"self":[{"href":"https:\/\/www.europesays.com\/pt\/wp-json\/wp\/v2\/posts\/161405","targetHints":{"allow":["GET"]}}],"collection":[{"href":"https:\/\/www.europesays.com\/pt\/wp-json\/wp\/v2\/posts"}],"about":[{"href":"https:\/\/www.europesays.com\/pt\/wp-json\/wp\/v2\/types\/post"}],"author":[{"embeddable":true,"href":"https:\/\/www.europesays.com\/pt\/wp-json\/wp\/v2\/users\/2"}],"replies":[{"embeddable":true,"href":"https:\/\/www.europesays.com\/pt\/wp-json\/wp\/v2\/comments?post=161405"}],"version-history":[{"count":0,"href":"https:\/\/www.europesays.com\/pt\/wp-json\/wp\/v2\/posts\/161405\/revisions"}],"wp:featuredmedia":[{"embeddable":true,"href":"https:\/\/www.europesays.com\/pt\/wp-json\/wp\/v2\/media\/52081"}],"wp:attachment":[{"href":"https:\/\/www.europesays.com\/pt\/wp-json\/wp\/v2\/media?parent=161405"}],"wp:term":[{"taxonomy":"category","embeddable":true,"href":"https:\/\/www.europesays.com\/pt\/wp-json\/wp\/v2\/categories?post=161405"},{"taxonomy":"post_tag","embeddable":true,"href":"https:\/\/www.europesays.com\/pt\/wp-json\/wp\/v2\/tags?post=161405"}],"curies":[{"name":"wp","href":"https:\/\/api.w.org\/{rel}","templated":true}]}}