{"id":161412,"date":"2025-11-22T19:00:10","date_gmt":"2025-11-22T19:00:10","guid":{"rendered":"https:\/\/www.europesays.com\/pt\/161412\/"},"modified":"2025-11-22T19:00:10","modified_gmt":"2025-11-22T19:00:10","slug":"oliveirense-benfica-jogo-taca-hugo-dos-santos","status":"publish","type":"post","link":"https:\/\/www.europesays.com\/pt\/161412\/","title":{"rendered":"Oliveirense Benfica Jogo Ta\u00e7a Hugo dos Santos"},"content":{"rendered":"<p>&#13;<br \/>\n&#13;<br \/>\n                        Basquetebol&#13;\n                    <\/p>\n<p class=\"news-title\">Benfica-Vit\u00f3ria SC: antevis\u00e3o de Daniel Relv\u00e3o<\/p>\n<p>&#13;<br \/>\n                        O Pavilh\u00e3o Fidelidade recebe neste domingo, 26 de outubro, \u00e0s 15h00, o duelo da 1.\u00aa jornada do Grupo A da Ta\u00e7a Hugo dos Santos, entre as equipas masculinas de basquetebol do Benfica e do Vit\u00f3ria SC. Daniel Relv\u00e3o lan\u00e7ou o encontro, destacando &#8220;o jogo interior&#8221; dos vimaranenses. &#8220;S\u00e3o jogadores bastante fortes, e tamb\u00e9m n\u00e3o se pode descartar o [seu] jogo exterior. Vai ser uma partida importante para n\u00f3s, para melhorar o que fizemos no \u00faltimo jogo. Temos estado focados&#8221;, explicou, em declara\u00e7\u00f5es aos meios do Clube. O poste internacional portugu\u00eas assumiu o objetivo do Benfica para esta edi\u00e7\u00e3o da competi\u00e7\u00e3o: &#8220;Trazer o trof\u00e9u para casa.&#8221;&#13;\n                    <\/p>\n","protected":false},"excerpt":{"rendered":"&#13; &#13; Basquetebol&#13; Benfica-Vit\u00f3ria SC: antevis\u00e3o de Daniel Relv\u00e3o &#13; O Pavilh\u00e3o Fidelidade recebe neste domingo, 26 de&hellip;\n","protected":false},"author":2,"featured_media":161413,"comment_status":"","ping_status":"","sticky":false,"template":"","format":"standard","meta":{"footnotes":""},"categories":[87],"tags":[135,32,33,134],"class_list":{"0":"post-161412","1":"post","2":"type-post","3":"status-publish","4":"format-standard","5":"has-post-thumbnail","7":"category-desporto","8":"tag-desporto","9":"tag-portugal","10":"tag-pt","11":"tag-sports"},"share_on_mastodon":{"url":"https:\/\/pubeurope.com\/@pt\/115594895224322882","error":""},"_links":{"self":[{"href":"https:\/\/www.europesays.com\/pt\/wp-json\/wp\/v2\/posts\/161412","targetHints":{"allow":["GET"]}}],"collection":[{"href":"https:\/\/www.europesays.com\/pt\/wp-json\/wp\/v2\/posts"}],"about":[{"href":"https:\/\/www.europesays.com\/pt\/wp-json\/wp\/v2\/types\/post"}],"author":[{"embeddable":true,"href":"https:\/\/www.europesays.com\/pt\/wp-json\/wp\/v2\/users\/2"}],"replies":[{"embeddable":true,"href":"https:\/\/www.europesays.com\/pt\/wp-json\/wp\/v2\/comments?post=161412"}],"version-history":[{"count":0,"href":"https:\/\/www.europesays.com\/pt\/wp-json\/wp\/v2\/posts\/161412\/revisions"}],"wp:featuredmedia":[{"embeddable":true,"href":"https:\/\/www.europesays.com\/pt\/wp-json\/wp\/v2\/media\/161413"}],"wp:attachment":[{"href":"https:\/\/www.europesays.com\/pt\/wp-json\/wp\/v2\/media?parent=161412"}],"wp:term":[{"taxonomy":"category","embeddable":true,"href":"https:\/\/www.europesays.com\/pt\/wp-json\/wp\/v2\/categories?post=161412"},{"taxonomy":"post_tag","embeddable":true,"href":"https:\/\/www.europesays.com\/pt\/wp-json\/wp\/v2\/tags?post=161412"}],"curies":[{"name":"wp","href":"https:\/\/api.w.org\/{rel}","templated":true}]}}