{"id":161417,"date":"2025-11-22T19:05:11","date_gmt":"2025-11-22T19:05:11","guid":{"rendered":"https:\/\/www.europesays.com\/pt\/161417\/"},"modified":"2025-11-22T19:05:11","modified_gmt":"2025-11-22T19:05:11","slug":"bispo-de-cadis-afastado-oficialmente-apos-denuncia-de-abuso-sexual-de-menor-de-idade","status":"publish","type":"post","link":"https:\/\/www.europesays.com\/pt\/161417\/","title":{"rendered":"Bispo de C\u00e1dis afastado oficialmente ap\u00f3s den\u00fancia de abuso sexual de menor de idade"},"content":{"rendered":"<p>O bispo espanhol <strong>Rafael Zornoza, chefe da diocese de C\u00e1dis-Ceuta<\/strong>, foi afastado oficialmente das suas fun\u00e7\u00f5es, na sequ\u00eancia da den\u00fancia de um caso de <strong>abuso sexual de um jovem<\/strong>, durante sete anos, na d\u00e9cada de 1990.<\/p>\n<p>A den\u00fancia tornou-se p\u00fablica no dia 10, noticiada pelo &#8220;El Pa\u00eds&#8221;. Como <a href=\"https:\/\/expresso.pt\/internacional\/europa\/espanha\/2025-11-14-rafa-entrava-na-minha-cama-quase-todas-as-noites-e-manhas-bispo-abusou-sexualmente-de-menor-e-igreja-espanhola-reage-tardiamente-e983140e\" target=\"_blank\" rel=\"noopener noreferrer nofollow\">dava conta<\/a> o correspondente do Expresso em Madrid, &#8220;a v\u00edtima escreveu diretamente, este ver\u00e3o, ao Dicast\u00e9rio para a Doutrina da F\u00e9 (DDF, antiga Inquisi\u00e7\u00e3o) para relatar como <strong>foi v\u00edtima de abusos sistem\u00e1ticos de Zornoza desde 1994, quando tinha 14 anos, at\u00e9 aos 21<\/strong>. Na altura, o bispo era reitor do semin\u00e1rio maior de Getafe, cidade da \u00e1rea metropolitana de Madrid, onde servia como bispo auxiliar\u201d.<\/p>\n<p>Esta \u00e9 a primeira vez que <strong>um bispo em fun\u00e7\u00f5es \u00e9 implicado num caso grave<\/strong> de alega\u00e7\u00f5es de abuso. Com \u201cceleridade in\u00e9dita\u201d, 12 dias depois de a den\u00fancia se ter tornado p\u00fablica, o Vaticano decidiu <strong>destituir Rafael <\/strong><strong>Zornoza dos seus cargos<\/strong> e substitu\u00ed-lo por um administrador apost\u00f3lico da Arquidiocese de Sevilha.<\/p>\n<p>No <a href=\"https:\/\/press.vatican.va\/content\/salastampa\/it\/bollettino\/pubblico\/2025\/11\/22\/0892\/01611.html\" target=\"_blank\" rel=\"noopener noreferrer nofollow\">documento oficial do Vaticano deste s\u00e1bado<\/a>, que d\u00e1 conta das ren\u00fancias e nomea\u00e7\u00f5es, pode ler-se: \u201c<strong>O<\/strong><strong> Santo Padre aceitou a ren\u00fancia ao cuidado pastoral <\/strong>da Diocese de C\u00e1diz e Ceuta, Espanha, apresentada por Sua Excel\u00eancia o Arcebispo Rafael Zornoza Boy.\u201d<\/p>\n<p>At\u00e9 ao passado dia 10, quando o jornal espanhol \u201cEl Pa\u00eds\u201d divulgou a hist\u00f3ria, Rafael Zornoza continuava a desempenhar fun\u00e7\u00f5es, trabalhando, tamb\u00e9m, com crian\u00e7as. H\u00e1 um ano, <strong>quando fez 75 anos, apresentou a ren\u00fancia obrigat\u00f3ria ao Papa, mas o Vaticano, como \u00e9 habitual, prorrogou o seu mandato<\/strong>. Fontes diocesanas garantem ao Expresso que as autoridades eclesi\u00e1sticas tinham, h\u00e1 muito tempo, conhecimento dos boatos sobre a conduta sexual do bispo agora afastado.<\/p>\n","protected":false},"excerpt":{"rendered":"O bispo espanhol Rafael Zornoza, chefe da diocese de C\u00e1dis-Ceuta, foi afastado oficialmente das suas fun\u00e7\u00f5es, na sequ\u00eancia&hellip;\n","protected":false},"author":2,"featured_media":161418,"comment_status":"","ping_status":"","sticky":false,"template":"","format":"standard","meta":{"footnotes":""},"categories":[50],"tags":[27,28,15,16,14,25,26,21,22,62,12,13,19,20,23,24,17,18,29,30,31,63,64,65],"class_list":{"0":"post-161417","1":"post","2":"type-post","3":"status-publish","4":"format-standard","5":"has-post-thumbnail","7":"category-mundo","8":"tag-breaking-news","9":"tag-breakingnews","10":"tag-featured-news","11":"tag-featurednews","12":"tag-headlines","13":"tag-latest-news","14":"tag-latestnews","15":"tag-main-news","16":"tag-mainnews","17":"tag-mundo","18":"tag-news","19":"tag-noticias","20":"tag-noticias-principais","21":"tag-noticiasprincipais","22":"tag-principais-noticias","23":"tag-principaisnoticias","24":"tag-top-stories","25":"tag-topstories","26":"tag-ultimas","27":"tag-ultimas-noticias","28":"tag-ultimasnoticias","29":"tag-world","30":"tag-world-news","31":"tag-worldnews"},"share_on_mastodon":{"url":"https:\/\/pubeurope.com\/@pt\/115594914866892447","error":""},"_links":{"self":[{"href":"https:\/\/www.europesays.com\/pt\/wp-json\/wp\/v2\/posts\/161417","targetHints":{"allow":["GET"]}}],"collection":[{"href":"https:\/\/www.europesays.com\/pt\/wp-json\/wp\/v2\/posts"}],"about":[{"href":"https:\/\/www.europesays.com\/pt\/wp-json\/wp\/v2\/types\/post"}],"author":[{"embeddable":true,"href":"https:\/\/www.europesays.com\/pt\/wp-json\/wp\/v2\/users\/2"}],"replies":[{"embeddable":true,"href":"https:\/\/www.europesays.com\/pt\/wp-json\/wp\/v2\/comments?post=161417"}],"version-history":[{"count":0,"href":"https:\/\/www.europesays.com\/pt\/wp-json\/wp\/v2\/posts\/161417\/revisions"}],"wp:featuredmedia":[{"embeddable":true,"href":"https:\/\/www.europesays.com\/pt\/wp-json\/wp\/v2\/media\/161418"}],"wp:attachment":[{"href":"https:\/\/www.europesays.com\/pt\/wp-json\/wp\/v2\/media?parent=161417"}],"wp:term":[{"taxonomy":"category","embeddable":true,"href":"https:\/\/www.europesays.com\/pt\/wp-json\/wp\/v2\/categories?post=161417"},{"taxonomy":"post_tag","embeddable":true,"href":"https:\/\/www.europesays.com\/pt\/wp-json\/wp\/v2\/tags?post=161417"}],"curies":[{"name":"wp","href":"https:\/\/api.w.org\/{rel}","templated":true}]}}