{"id":161419,"date":"2025-11-22T19:08:42","date_gmt":"2025-11-22T19:08:42","guid":{"rendered":"https:\/\/www.europesays.com\/pt\/161419\/"},"modified":"2025-11-22T19:08:42","modified_gmt":"2025-11-22T19:08:42","slug":"mourinho-rodrigo-rego-quem-ve-os-miudos-a-passar-a-frente-maisfutebol","status":"publish","type":"post","link":"https:\/\/www.europesays.com\/pt\/161419\/","title":{"rendered":"Mourinho: \u00abRodrigo R\u00eago? Quem v\u00ea os mi\u00fados a passar \u00e0 frente&#8230;\u00bb &#8211; Maisfutebol"},"content":{"rendered":"<ol>\n<li><a href=\"https:\/\/news.google.com\/rss\/articles\/CBMitwFBVV95cUxQVkc4S1hEQ0pDNUkxS3RucFFITUY2MEdWZEplOFlzdHR6N2RrOGNnZlBsWm9JVVJZeEpfVmpjS2FFb3dTM2QzOFFxclU4SkJ5WUh0dVZIVUlBTU83SGlfbHMtMWtPU1dQbUlOdzJoYTJKT2ZnTF95Um9ESnRFVTdCZXY5dlpVSHRya1hudnRwYnpXY3UxSVR5N2E5aEVtR3NBNUdRclBmdmRqWnR2NW1CWXZ2bWVGSzg?oc=5\" target=\"_blank\" rel=\"nofollow noopener\">Mourinho: \u00abRodrigo R\u00eago? Quem v\u00ea os mi\u00fados a passar \u00e0 frente&#8230;\u00bb<\/a>&nbsp;&nbsp;Maisfutebol<\/li>\n<li><a href=\"https:\/\/news.google.com\/rss\/articles\/CBMitAFBVV95cUxPT2d1MWpRelc3RlBQU2lQcmhHUERJbkEwR08wdUtlekF2ZFQwSTAyeHZlTDhNbldyZm9lZnpuQTVSbXNILTdyRWNzZnJBVFQ0VmM5N2RIelZtMWoyNkphN2FaQ2Rvdm02NF9MY1VRVnQ4QUhhdFpxUnN3LXJ4eEMzcWtHbXBWS3Q5aGdPQmIwSEpYdVNwRFpQUnFzLWMxdHVyQUxYMS1PVndoNWF1QXJzT0RQZ2Y?oc=5\" target=\"_blank\" rel=\"nofollow noopener\">Um menino a aparecer e um peso a desaparecer (as notas do Benfica)<\/a>&nbsp;&nbsp;A Bola<\/li>\n<li><a href=\"https:\/\/news.google.com\/rss\/articles\/CBMivAFBVV95cUxOYkViNm9RZWZ6Q2x2bTN4Sy0yZmNhelM4bEFMRUFjTlJ2b2hydGJ6UnVRaVhJSWQ3QWJQNWZTSmtrV0ZVOXNqb3lwRkZ1eVNiUzRZeURBWEFIU3NpTVVtT25kek15V2FsS2s1YldOcG1JSjBBbVhDbVkwLVd4WjdSUDNmcFpMS0pEZG1Td2V5SGp4NVB2WElTaUdIaGRrRFhLQW1YdWpuRG9VQmtSUXctRnlNY0tkQWxVbG5VWNIBwgFBVV95cUxOcmU1QllnN2FhT3Q4dXlneWd1T1hQSFN4aGZJaWN6SWE4THhueGVweVpBNXVaZTF6dmVzcDJHWG5jZzM1dU9WT0VUQWU5dFk5Z09JSUYwTzNGaW5Hc3JVTzZPOUdBelQzTkR2aFBKV0lucmotT3RKM002b0JFU0MyRm1Ha0FOdndsR1pRSWtndFVoR2huYTUzZ3FHblRpbXRRdmp3dHMyV3hzVm5zVnFIRS1ENUZBT25yVTNqbUtPV1FnQQ?oc=5\" target=\"_blank\" rel=\"nofollow noopener\">Mourinho: \u00abQuem n\u00e3o aproveita oportunidades, n\u00e3o me venha bater \u00e0 porta\u00bb<\/a>&nbsp;&nbsp;Maisfutebol<\/li>\n<li><a href=\"https:\/\/news.google.com\/rss\/articles\/CBMiiAJBVV95cUxPVW5zXzJDbm1DVXFkWE16ZlNrZjNMQXBrVTNQYk9MV2F5NTVQWWpmTWloMXBhcFhrUlYwUF9yakhQV1hKTVJwa2VPT0NoejU2amxHZTNjUVJLRy1MUU1GNGxueGtiTDNYX2FVNVZCeF9uZXZDaGxSX2cyZE5fU0pVazd2bmdaRWhybURGNlNoT1FXX3ppR0g4Y2szWmhpNGFMMjJacHg1SkQzajA5MU9EcWRnNzRVSVhaTGtGRV96NGNTeFJfYjdiUm5fc0U5ZDlHMl9IQWxWZ1dDVzhKckFfLVZuRGdfWHFvb2lmVG84S0JZZHpMWHctSnR3UDFsV1ROV0t5bXh6cmg?oc=5\" target=\"_blank\" rel=\"nofollow noopener\">Rodrigo R\u00eago junta-se a lista que conta com Morata, Huijsen, Balotelli ou estrela irlandesa Troy Parrot<\/a>&nbsp;&nbsp;Record<\/li>\n<li><a href=\"https:\/\/news.google.com\/rss\/articles\/CBMiswFBVV95cUxONHR1RS03RE9lTlRhTFBXTkxIOE1aNGVidEVpdGd1UFNGNGRDcWV6MXZuOVpnSVp3VVB4WjlnOUpfdktob2ZfVFBlaWUyN2dnR3duVjc1WWVPeE1RTGhDazlhUThZOTBzclQ0ZTdTUi1HY2FhM3MtRk9lV0thVE9ESzRoVTNUc0pPOVZXSEVrbVNldURMRWNTaFJORTBma2NIdXRtSHR2Tk9SZXUwbTM5SkJJaw?oc=5\" target=\"_blank\" rel=\"nofollow noopener\">As contas de Jos\u00e9 Mourinho para a ala esquerda do Benfica<\/a>&nbsp;&nbsp;Bola na Rede<\/li>\n<\/ol>\n","protected":false},"excerpt":{"rendered":"Mourinho: \u00abRodrigo R\u00eago? Quem v\u00ea os mi\u00fados a passar \u00e0 frente&#8230;\u00bb&nbsp;&nbsp;Maisfutebol Um menino a aparecer e um peso&hellip;\n","protected":false},"author":2,"featured_media":161420,"comment_status":"","ping_status":"","sticky":false,"template":"","format":"standard","meta":{"footnotes":""},"categories":[8],"tags":[51,27,28,15,16,14,1385,25,26,21,22,46,12,13,19,20,32,23,24,33,47,34197,3142,17,18,29,30,31],"class_list":{"0":"post-161419","1":"post","2":"type-post","3":"status-publish","4":"format-standard","5":"has-post-thumbnail","7":"category-principais-noticias","8":"tag-benfica","9":"tag-breaking-news","10":"tag-breakingnews","11":"tag-featured-news","12":"tag-featurednews","13":"tag-headlines","14":"tag-jose-mourinho","15":"tag-latest-news","16":"tag-latestnews","17":"tag-main-news","18":"tag-mainnews","19":"tag-maisfutebol","20":"tag-news","21":"tag-noticias","22":"tag-noticias-principais","23":"tag-noticiasprincipais","24":"tag-portugal","25":"tag-principais-noticias","26":"tag-principaisnoticias","27":"tag-pt","28":"tag-pura-paixao","29":"tag-rodrigo-rego","30":"tag-taca-de-portugal","31":"tag-top-stories","32":"tag-topstories","33":"tag-ultimas","34":"tag-ultimas-noticias","35":"tag-ultimasnoticias"},"share_on_mastodon":{"url":"https:\/\/pubeurope.com\/@pt\/115594927115486745","error":""},"_links":{"self":[{"href":"https:\/\/www.europesays.com\/pt\/wp-json\/wp\/v2\/posts\/161419","targetHints":{"allow":["GET"]}}],"collection":[{"href":"https:\/\/www.europesays.com\/pt\/wp-json\/wp\/v2\/posts"}],"about":[{"href":"https:\/\/www.europesays.com\/pt\/wp-json\/wp\/v2\/types\/post"}],"author":[{"embeddable":true,"href":"https:\/\/www.europesays.com\/pt\/wp-json\/wp\/v2\/users\/2"}],"replies":[{"embeddable":true,"href":"https:\/\/www.europesays.com\/pt\/wp-json\/wp\/v2\/comments?post=161419"}],"version-history":[{"count":0,"href":"https:\/\/www.europesays.com\/pt\/wp-json\/wp\/v2\/posts\/161419\/revisions"}],"wp:featuredmedia":[{"embeddable":true,"href":"https:\/\/www.europesays.com\/pt\/wp-json\/wp\/v2\/media\/161420"}],"wp:attachment":[{"href":"https:\/\/www.europesays.com\/pt\/wp-json\/wp\/v2\/media?parent=161419"}],"wp:term":[{"taxonomy":"category","embeddable":true,"href":"https:\/\/www.europesays.com\/pt\/wp-json\/wp\/v2\/categories?post=161419"},{"taxonomy":"post_tag","embeddable":true,"href":"https:\/\/www.europesays.com\/pt\/wp-json\/wp\/v2\/tags?post=161419"}],"curies":[{"name":"wp","href":"https:\/\/api.w.org\/{rel}","templated":true}]}}