{"id":161425,"date":"2025-11-22T19:15:09","date_gmt":"2025-11-22T19:15:09","guid":{"rendered":"https:\/\/www.europesays.com\/pt\/161425\/"},"modified":"2025-11-22T19:15:09","modified_gmt":"2025-11-22T19:15:09","slug":"quaresma-tentou-resolver-conflito-entre-rafa-e-besiktas","status":"publish","type":"post","link":"https:\/\/www.europesays.com\/pt\/161425\/","title":{"rendered":"Quaresma tentou resolver conflito entre Rafa e Besiktas"},"content":{"rendered":"<p>O antigo internacional portugu\u00eas Ricardo Quaresma esteve recentemente em Istambul e, relata o di\u00e1rio turco Fanatik, conversou com <a class=\"autolink-enabled\" data-resource-id=\"8354\" data-resource-type=\"player\" data-sport=\"football\" href=\"https:\/\/www.abola.pt\/futebol\/jogador\/rafa-silva-8354\" rel=\"nofollow noopener\" target=\"_blank\">Rafa Silva<\/a> na tentativa de mediar o conflito que o avan\u00e7ado e compatriota mant\u00e9m com o <a class=\"autolink-enabled\" data-resource-id=\"521\" data-resource-type=\"team\" data-sport=\"football\" href=\"https:\/\/www.abola.pt\/futebol\/besiktas-521\" rel=\"nofollow noopener\" target=\"_blank\">Besiktas<\/a>.<\/p>\n<p>A mesma fonte diz que Quaresma n\u00e3o obteve resposta positiva e\u00a0que depois dele tamb\u00e9m <a target=\"_blank\" class=\"editor-link autolink-enabled\" href=\"https:\/\/www.abola.pt\/futebol\/jogador\/domagoj-vida-6982\" data-resource-id=\"6982\" data-resource-type=\"player\" data-sport=\"football\" rel=\"nofollow noopener\">Domagoj Vida<\/a>, defesa-central croata do <a target=\"_blank\" class=\"editor-link autolink-enabled\" href=\"https:\/\/www.abola.pt\/futebol\/aek-550\" data-resource-id=\"550\" data-resource-type=\"team\" data-sport=\"football\" rel=\"nofollow noopener\">AEK<\/a> que jogou cinco \u00e9pocas no <a target=\"_blank\" class=\"editor-link autolink-enabled\" href=\"https:\/\/www.abola.pt\/futebol\/besiktas-521\" data-resource-id=\"521\" data-resource-type=\"team\" data-sport=\"football\" rel=\"nofollow noopener\">Besiktas<\/a>, tentou sensibilizar Rafa. \u00abTornaste-te \u00eddolo dos adeptos, da comunidade do <a target=\"_blank\" class=\"editor-link autolink-enabled\" href=\"https:\/\/www.abola.pt\/futebol\/besiktas-521\" data-resource-id=\"521\" data-resource-type=\"team\" data-sport=\"football\" rel=\"nofollow noopener\">Besiktas<\/a>, n\u00e3o consegues ter isto noutro lugar do mundo. A separa\u00e7\u00e3o s\u00f3 acontece quando \u00e9 boa para os dois lados, n\u00e3o desta forma\u00bb, ter\u00e1 dito <a target=\"_blank\" class=\"editor-link autolink-enabled\" href=\"https:\/\/www.abola.pt\/futebol\/jogador\/domagoj-vida-6982\" data-resource-id=\"6982\" data-resource-type=\"player\" data-sport=\"football\" rel=\"nofollow noopener\">Vida<\/a> ao atacante portugu\u00eas, igualmente sem feedback positivo.<\/p>\n<p><a class=\"autolink-enabled\" data-resource-id=\"8354\" data-resource-type=\"player\" data-sport=\"football\" href=\"https:\/\/www.abola.pt\/futebol\/jogador\/rafa-silva-8354\" rel=\"nofollow noopener\" target=\"_blank\">Rafa<\/a> quer sair do clube turco e n\u00e3o se tem treinado, alegando dores das costas. O <a class=\"autolink-enabled\" data-resource-id=\"521\" data-resource-type=\"team\" data-sport=\"football\" href=\"https:\/\/www.abola.pt\/futebol\/besiktas-521\" rel=\"nofollow noopener\" target=\"_blank\">Besiktas<\/a> recusa deixar sair <a class=\"autolink-enabled\" data-resource-id=\"8354\" data-resource-type=\"player\" data-sport=\"football\" href=\"https:\/\/www.abola.pt\/futebol\/jogador\/rafa-silva-8354\" rel=\"nofollow noopener\" target=\"_blank\">Rafa<\/a> e amea\u00e7a recorrer para a FIFA se o portugu\u00eas de 32 anos n\u00e3o cumprir com as suas obriga\u00e7\u00f5es laborais.<\/p>\n<p>Entretanto, o <a class=\"autolink-enabled\" data-resource-id=\"450\" data-resource-type=\"team\" data-sport=\"football\" href=\"https:\/\/www.abola.pt\/futebol\/benfica-450\" rel=\"nofollow noopener\" target=\"_blank\">Benfica<\/a>, como A BOLA noticiou, pensa contratar um avan\u00e7ado em janeiro e n\u00e3o fecha a porta ao regresso de <a class=\"autolink-enabled\" data-resource-id=\"8354\" data-resource-type=\"player\" data-sport=\"football\" href=\"https:\/\/www.abola.pt\/futebol\/jogador\/rafa-silva-8354\" rel=\"nofollow noopener\" target=\"_blank\">Rafa<\/a>. Por\u00e9m, a SAD encarnada s\u00f3 avan\u00e7ar\u00e1 para a tentativa de neg\u00f3cio se <a class=\"autolink-enabled\" data-resource-id=\"8354\" data-resource-type=\"player\" data-sport=\"football\" href=\"https:\/\/www.abola.pt\/futebol\/jogador\/rafa-silva-8354\" rel=\"nofollow noopener\" target=\"_blank\">Rafa<\/a> se desvincular do <a class=\"autolink-enabled\" data-resource-id=\"521\" data-resource-type=\"team\" data-sport=\"football\" href=\"https:\/\/www.abola.pt\/futebol\/besiktas-521\" rel=\"nofollow noopener\" target=\"_blank\">Besiktas<\/a> e mostrar vontade de regressar ao futebol portugu\u00eas.<\/p>\n","protected":false},"excerpt":{"rendered":"O antigo internacional portugu\u00eas Ricardo Quaresma esteve recentemente em Istambul e, relata o di\u00e1rio turco Fanatik, conversou com&hellip;\n","protected":false},"author":2,"featured_media":161426,"comment_status":"","ping_status":"","sticky":false,"template":"","format":"standard","meta":{"footnotes":""},"categories":[87],"tags":[135,32,33,134],"class_list":{"0":"post-161425","1":"post","2":"type-post","3":"status-publish","4":"format-standard","5":"has-post-thumbnail","7":"category-desporto","8":"tag-desporto","9":"tag-portugal","10":"tag-pt","11":"tag-sports"},"share_on_mastodon":{"url":"https:\/\/pubeurope.com\/@pt\/115594954233978463","error":""},"_links":{"self":[{"href":"https:\/\/www.europesays.com\/pt\/wp-json\/wp\/v2\/posts\/161425","targetHints":{"allow":["GET"]}}],"collection":[{"href":"https:\/\/www.europesays.com\/pt\/wp-json\/wp\/v2\/posts"}],"about":[{"href":"https:\/\/www.europesays.com\/pt\/wp-json\/wp\/v2\/types\/post"}],"author":[{"embeddable":true,"href":"https:\/\/www.europesays.com\/pt\/wp-json\/wp\/v2\/users\/2"}],"replies":[{"embeddable":true,"href":"https:\/\/www.europesays.com\/pt\/wp-json\/wp\/v2\/comments?post=161425"}],"version-history":[{"count":0,"href":"https:\/\/www.europesays.com\/pt\/wp-json\/wp\/v2\/posts\/161425\/revisions"}],"wp:featuredmedia":[{"embeddable":true,"href":"https:\/\/www.europesays.com\/pt\/wp-json\/wp\/v2\/media\/161426"}],"wp:attachment":[{"href":"https:\/\/www.europesays.com\/pt\/wp-json\/wp\/v2\/media?parent=161425"}],"wp:term":[{"taxonomy":"category","embeddable":true,"href":"https:\/\/www.europesays.com\/pt\/wp-json\/wp\/v2\/categories?post=161425"},{"taxonomy":"post_tag","embeddable":true,"href":"https:\/\/www.europesays.com\/pt\/wp-json\/wp\/v2\/tags?post=161425"}],"curies":[{"name":"wp","href":"https:\/\/api.w.org\/{rel}","templated":true}]}}